{"id":163580,"date":"2026-07-18T16:44:07","date_gmt":"2026-07-18T16:44:07","guid":{"rendered":"https:\/\/www.europesays.com\/si\/163580\/"},"modified":"2026-07-18T16:44:07","modified_gmt":"2026-07-18T16:44:07","slug":"evropa-v-primezu-ekstremnih-vrocin-opozorila-who-za-zdravje","status":"publish","type":"post","link":"https:\/\/www.europesays.com\/si\/163580\/","title":{"rendered":"Evropa v prime\u017eu ekstremnih vro\u010din: Opozorila WHO za zdravje"},"content":{"rendered":"<p>\t\t\t\tEvropa se soo\u010da z novim valom ekstremnih temperatur, ki ga spremljajo opozorila Svetovne zdravstvene organizacije (WHO) o potencialni nevarnosti za zdravje prebivalcev. Na severovzhodu \u0160panije se gasilci, podprti z 30 letali, trudijo zajeziti obse\u017een po\u017ear, ki je \u017ee uni\u010dil ve\u010d kot tiso\u010d hektarjev zemlji\u0161\u010d.<\/p>\n<p>Ogenj je prisilil ve\u010d kot tiso\u010d ljudi k evakuaciji, medtem ko je nedavno suho vreme izsu\u0161ilo vegetacijo po \u0161tevilnih evropskih dr\u017eavah.<\/p>\n<p>Vro\u010dinski valovi in podnebne spremembe<\/p>\n<p>V zadnjih tednih so zaporedni vro\u010dinski valovi, ki jih znanstveniki povezujejo s podnebnimi spremembami zaradi \u010dlovekovega vpliva, povzro\u010dili rekordne temperature po vsej Evropi. To je vodilo do pomanjkanja vode, uni\u010denja pridelkov in ve\u010d kot tiso\u010d prese\u017enih smrti.<\/p>\n<p>Reuters je napovedal, da bo povpre\u010dna temperatura v zahodni Evropi v petek dosegla 27,5 stopinj Celzija, kar je ob\u010dutno ve\u010d od dolgoletnega povpre\u010dja za ta dan.<\/p>\n<p>Iz\u010drpani naravni viri in gospodarske posledice<\/p>\n<p>Francija \u017ee od konca maja trpi zaradi hude su\u0161e, kar vpliva na energetski sektor, saj je ogro\u017eeno hlajenje plinskih elektrarn zaradi visokih temperatur Sredozemskega morja.<\/p>\n<p>Podobne te\u017eave do\u017eivlja Nem\u010dija, kjer nizek vodostaj Rena ovira plovbo in zvi\u0161uje stro\u0161ke transporta. Vendar je de\u017e nekoliko izbolj\u0161al situacijo, saj je dvignil gladino reke.<\/p>\n<p>V nekaterih delih Evrope so visoke temperature zamenjale silovite nevihte. V Franciji in nem\u0161ki zvezni de\u017eeli Baden-W\u00fcrttemberg so nevihte povzro\u010dile smrtne \u017ertve zaradi podrtih dreves ali udara strele.<\/p>\n<p>Supercelica je prinesla mo\u010dan veter in to\u010do s premerom do pet centimetrov, kar je povzro\u010dilo dodatne te\u017eave.<\/p>\n<p>Opozorila WHO in ukrepi<\/p>\n<p>Svetovna zdravstvena organizacija opozarja, da Evropo \u010dakajo novi smrtonosni tedni, \u010de se vlade ne bodo odzvale na vro\u010dinske valove kot na resno zdravstveno krizo. Evropski direktor WHO Hans Henri P. Kluge poziva oblasti, da sprejmejo ustrezne ukrepe za za\u0161\u010dito prebivalstva.<\/p>\n<p>\u0160panska meteorolo\u0161ka slu\u017eba AEMET napoveduje, da bodo temperature znova nara\u0161\u010dale, zlasti v Andaluziji in pokrajini La Mancha, kjer naj bi dosegle celo 44 stopinj Celzija.<\/p>\n<p>V Aragoniji se gasilci borijo s po\u017earom, ki je \u017ee uni\u010dil ve\u010d kot 12.000 hektarjev, pri \u010demer sodeluje tudi 300 vojakov iz slu\u017eb za ukrepanje v izrednih razmerah.<\/p>\n<p>Evropa se nahaja na prelomni to\u010dki, kjer so potrebni odlo\u010dilni ukrepi za soo\u010danje z izzivi podnebnih sprememb in njihovimi posledicami. Vro\u010di valovi in spremljajo\u010de nevihte predstavljajo resno gro\u017enjo, ki zahteva hitro in u\u010dinkovito ukrepanje.<\/p>\n<p>\u00a0<\/p>\n<p>Spletno uredni\u0161tvo <a href=\"https:\/\/goriskenovice.si\/\" rel=\"nofollow noopener\" target=\"_blank\">Gori\u0161ke novice<\/a><\/p>\n","protected":false},"excerpt":{"rendered":"Evropa se soo\u010da z novim valom ekstremnih temperatur, ki ga spremljajo opozorila Svetovne zdravstvene organizacije (WHO) o potencialni&hellip;\n","protected":false},"author":2,"featured_media":163581,"comment_status":"","ping_status":"","sticky":false,"template":"","format":"standard","meta":{"footnotes":"","_share_on_mastodon":"0"},"categories":[3],"tags":[65,66,37,38],"class_list":["post-163580","post","type-post","status-publish","format-standard","has-post-thumbnail","category-evropa","tag-europe","tag-evropa","tag-slovene","tag-slovenscina"],"share_on_mastodon":{"url":"https:\/\/pubeurope.com\/@si\/116941990422256863","error":""},"_links":{"self":[{"href":"https:\/\/www.europesays.com\/si\/wp-json\/wp\/v2\/posts\/163580","targetHints":{"allow":["GET"]}}],"collection":[{"href":"https:\/\/www.europesays.com\/si\/wp-json\/wp\/v2\/posts"}],"about":[{"href":"https:\/\/www.europesays.com\/si\/wp-json\/wp\/v2\/types\/post"}],"author":[{"embeddable":true,"href":"https:\/\/www.europesays.com\/si\/wp-json\/wp\/v2\/users\/2"}],"replies":[{"embeddable":true,"href":"https:\/\/www.europesays.com\/si\/wp-json\/wp\/v2\/comments?post=163580"}],"version-history":[{"count":0,"href":"https:\/\/www.europesays.com\/si\/wp-json\/wp\/v2\/posts\/163580\/revisions"}],"wp:featuredmedia":[{"embeddable":true,"href":"https:\/\/www.europesays.com\/si\/wp-json\/wp\/v2\/media\/163581"}],"wp:attachment":[{"href":"https:\/\/www.europesays.com\/si\/wp-json\/wp\/v2\/media?parent=163580"}],"wp:term":[{"taxonomy":"category","embeddable":true,"href":"https:\/\/www.europesays.com\/si\/wp-json\/wp\/v2\/categories?post=163580"},{"taxonomy":"post_tag","embeddable":true,"href":"https:\/\/www.europesays.com\/si\/wp-json\/wp\/v2\/tags?post=163580"}],"curies":[{"name":"wp","href":"https:\/\/api.w.org\/{rel}","templated":true}]}}