{"id":163915,"date":"2026-07-19T03:39:23","date_gmt":"2026-07-19T03:39:23","guid":{"rendered":"https:\/\/www.europesays.com\/si\/163915\/"},"modified":"2026-07-19T03:39:23","modified_gmt":"2026-07-19T03:39:23","slug":"evropa-vlaga-v-proizvodnjo-silicijevih-rezin-2","status":"publish","type":"post","link":"https:\/\/www.europesays.com\/si\/163915\/","title":{"rendered":"Evropa vlaga v proizvodnjo silicijevih rezin"},"content":{"rendered":"<p>Evropa hitro pove\u010duje name\u0161\u010danje son\u010dnih elektrarn, klju\u010dne komponente zanje pa ve\u010dinoma \u0161e vedno uva\u017ea iz Azije. Po podatkih Mednarodne agencije za energijo (IEA) iz <a href=\"https:\/\/www.iea.org\/reports\/energy-technology-perspectives-2026?\" rel=\"nofollow noopener\" target=\"_blank\">poro\u010dila Energy Technology Perspectives 2026<\/a> Kitajska predstavlja pribli\u017eno 95 odstotkov svetovnih proizvodnih zmogljivosti za silicijeve rezine, ki predstavljajo osnovo za izdelavo son\u010dnih celic.<\/p>\n<p data-end=\"962\" data-start=\"640\">Prav to odvisnost \u017eeli zmanj\u0161ati z evropsko proizvodnjo silicijevih ingotov in rezin, ki veljata za enega naj\u0161ibkej\u0161ih \u010dlenov evropske dobavne verige. \u010ceprav ne gre za novo tehnologijo, sta ingot in rezina osnovna gradnika, iz katerih danes izdelujejo skoraj vse son\u010dne celice.<\/p>\n<p data-end=\"962\" data-start=\"640\"><img decoding=\"async\" alt=\"\" src=\"https:\/\/www.europesays.com\/si\/wp-content\/uploads\/2026\/07\/1784432363_992_Silicon_Wafer_20190210.jpg\" style=\"width: 900px; height: 599px;\" title=\"\"\/><\/p>\n<p data-end=\"962\" data-start=\"640\">Interferen\u010dni odsevi svetlobe na silicijevi rezini. (FOTO: Wikimedia Commons)<\/p>\n<p>\u0160panija na\u010drtuje velik proizvodni obrat<\/p>\n<p>\u0160pansko podjetje Sunwafe bo v Asturiji zgradilo tovarno za proizvodnjo silicijevih ingotov (silicijevih kristalnih blokov) in rezin z letno zmogljivostjo 20 GW oziroma pribli\u017eno 2,5 milijarde rezin. Projekt je prejel 200 milijonov evrov nepovratnih sredstev \u0161panske vlade, prva faza investicije pa je ocenjena na pribli\u017eno 670 milijonov evrov.<\/p>\n<p>Gradnja naj bi se za\u010dela leta 2027, komercialna proizvodnja pa v za\u010detku leta 2029. Ob polni zmogljivosti naj bi tovarna pokrila do polovice predvidenega evropskega letnega povpra\u0161evanja po silicijevih rezinah in ustvarila pribli\u017eno 2.600 delovnih mest.<\/p>\n<p>Na Norve\u0161kem razvijajo proizvodne tehnologije<\/p>\n<p>Industrijske nalo\u017ebe spremljajo tudi raziskovalni projekti. Evropski raziskovalno-inovacijski program Horizon Europe financira projekt EuroCZFactory, ki zdru\u017euje 16 partnerjev iz ve\u010d evropskih dr\u017eav. Projekt so konec junija uradno za\u010deli v Trondheimu na Norve\u0161kem, kjer je uvodno sre\u010danje gostil raziskovalni in\u0161titut SINTEF.<\/p>\n<p>V naslednjih 42 mesecih bodo razvijali tehnologije za proizvodnjo monokristalnih silicijevih ingotov, izdelavo silicijevih rezin in digitalizacijo proizvodnih procesov. Re\u0161itve bodo preizkusili tudi na industrijski proizvodni opremi. Po na\u010drtih projekta naj bi do leta 2031 v Evropi vzpostavili najmanj tri nove obrate za proizvodnjo silicijev kristalnih blokov. Cilj je, da bi do sredine prihodnjega desetletja skupne letne proizvodne zmogljivosti presegle 5 GW.<\/p>\n","protected":false},"excerpt":{"rendered":"Evropa hitro pove\u010duje name\u0161\u010danje son\u010dnih elektrarn, klju\u010dne komponente zanje pa ve\u010dinoma \u0161e vedno uva\u017ea iz Azije. Po podatkih&hellip;\n","protected":false},"author":2,"featured_media":163916,"comment_status":"","ping_status":"","sticky":false,"template":"","format":"standard","meta":{"footnotes":"","_share_on_mastodon":"0"},"categories":[3],"tags":[65,66,37,38],"class_list":["post-163915","post","type-post","status-publish","format-standard","has-post-thumbnail","category-evropa","tag-europe","tag-evropa","tag-slovene","tag-slovenscina"],"share_on_mastodon":{"url":"https:\/\/pubeurope.com\/@si\/116944566071788449","error":""},"_links":{"self":[{"href":"https:\/\/www.europesays.com\/si\/wp-json\/wp\/v2\/posts\/163915","targetHints":{"allow":["GET"]}}],"collection":[{"href":"https:\/\/www.europesays.com\/si\/wp-json\/wp\/v2\/posts"}],"about":[{"href":"https:\/\/www.europesays.com\/si\/wp-json\/wp\/v2\/types\/post"}],"author":[{"embeddable":true,"href":"https:\/\/www.europesays.com\/si\/wp-json\/wp\/v2\/users\/2"}],"replies":[{"embeddable":true,"href":"https:\/\/www.europesays.com\/si\/wp-json\/wp\/v2\/comments?post=163915"}],"version-history":[{"count":0,"href":"https:\/\/www.europesays.com\/si\/wp-json\/wp\/v2\/posts\/163915\/revisions"}],"wp:featuredmedia":[{"embeddable":true,"href":"https:\/\/www.europesays.com\/si\/wp-json\/wp\/v2\/media\/163916"}],"wp:attachment":[{"href":"https:\/\/www.europesays.com\/si\/wp-json\/wp\/v2\/media?parent=163915"}],"wp:term":[{"taxonomy":"category","embeddable":true,"href":"https:\/\/www.europesays.com\/si\/wp-json\/wp\/v2\/categories?post=163915"},{"taxonomy":"post_tag","embeddable":true,"href":"https:\/\/www.europesays.com\/si\/wp-json\/wp\/v2\/tags?post=163915"}],"curies":[{"name":"wp","href":"https:\/\/api.w.org\/{rel}","templated":true}]}}