{"id":163979,"date":"2026-07-19T06:27:14","date_gmt":"2026-07-19T06:27:14","guid":{"rendered":"https:\/\/www.europesays.com\/si\/163979\/"},"modified":"2026-07-19T06:27:14","modified_gmt":"2026-07-19T06:27:14","slug":"mladi-kosarkarji-so-v-finalu-evropskega-prvenstva-radosavljevic-kaksna-zmaga-kaksno-vzdusje-v-dvorani","status":"publish","type":"post","link":"https:\/\/www.europesays.com\/si\/163979\/","title":{"rendered":"Mladi ko\u0161arkarji so v finalu evropskega prvenstva! Radosavljevi\u0107: \u00bbKak\u0161na zmaga, kak\u0161no vzdu\u0161je v dvorani\u00a0&#8230;\u00ab"},"content":{"rendered":"<p>Slovenska ko\u0161arkarska reprezentanca mlaj\u0161ih \u010dlanov se je uvrstila v finale evropskega prvenstva do 20 let v Ljubljani. Pred 4000 gledalci v Sto\u017eicah je kljub po\u0161kodbi kapetana Urbana Krofli\u010da premagala Francijo z 91:89 (27:27, 52:46, 70:70), v finalu pa se bo pomerila z zmagovalcem dvoboja med Srbijo in \u0160panijo. Junak zmage je bil Filip Petkovski, ki je sekundo pred iztekom \u010dasa pri neodlo\u010denem izidu zadel dva prosta meta. Ob njem je Mark Padjen zbral 25 to\u010dk.<\/p>\n<p>Generacija slovenskih igralcev letnik 2006 in mlaj\u0161i bo sku\u0161ala v nedeljo ob 19. uri na sanjski na\u010din skleniti nastope v mladinski konkurenci. Varovanci selektorja Danijela Radosavljevi\u0107a, ki vodi slovenske fante od 2024, so v zadnjih dveh letih osvojili bronasti medalji na evropskem prvenstvu 2024 v Tampereju in svetovnem prvenstvu 2025 v Lozani. Z uvrstitvijo v finale je Slovenija osvojila 17. medaljo na velikih tekmovanjih v mlaj\u0161ih mo\u0161kih in \u017eenskih kategorijah ter sedmo med mlaj\u0161imi \u010dlani oziroma ko\u0161arkarji do 20 let. Trikrat v tej kategoriji je bila zlata na evropskih prvenstvih 2000, 2004 in 2021.<\/p>\n<p>Dramati\u010den zaklju\u010dek tekme<\/p>\n<p>Slovenija je danes prikazala novo borbeno in nepopustljivo predstavo ter s pomo\u010djo glasne podpore publike v Sto\u017eicah premostila odsotnost najbolj\u0161ega posameznika in kapetana Urbana Krofli\u010da, ki si je \u017ee v prvi \u010detrtini po\u0161kodoval stegensko mi\u0161ico, tako da je pod vpra\u0161ajem tudi njegov nastop v finalu. Zaklju\u010dek tekme je bil nadvse dramati\u010den. Slovenija je imela minuto in pol pred koncem \u0161est to\u010dk prednosti (88:82), Francija pa izena\u010dila 10 sekund pred koncem in imela zadnji napad za zmago. Zgre\u0161ila je met, \u017eogo je ujel Filip Petkovski in izsilil osebno napako, ki jo je na drugi strani igri\u0161\u010da to\u010dno sekundo pred koncem unov\u010dil z dvema prostima metoma. Petkovski je tekmo kon\u010dal s 14 to\u010dkami, Samed Gro\u0161i\u0107 jih je dodal 11, Vit Hrabar pa 10. Drugi polfinale med Srbijo in \u0160panijo bo danes ob 21. uri.<\/p>\n<p>Odziva Padjena in Radosavljevi\u0107a<\/p>\n<p>Mark Padjen je po tekmi povedal: \u00bbTo je bila velika ekipna zmaga. \u010ceprav smo ostali brez svojega najbolj\u0161ega igralca, smo verjeli vase in tudi, ko smo bili v izgubljenem polo\u017eaju, smo se z ekipno igro vrnili med \u017eive. Vsaka \u010dast Petkovskemu, da je zadel zadnja dva prosta meta, predvsem pa zahvala publiki za neverjetno vzdu\u0161je, ki nam je brez dvoma pomagalo, da smo prebrodili vse ovire.\u00ab<\/p>\n<p>Selektor Danijel Radosavljevi\u0107 pa je dodal: \u00bbKak\u0161na zmaga, kak\u0161no vzdu\u0161je v dvorani, neverjetno, kaj nam je uspelo. \u010cestitke fantom, strokovnemu \u0161tabu in Ko\u0161arkarski zvezi Slovenije za odli\u010dne delovne pogoje. Po vseh te\u017eavah, po\u0161kodbi Krofli\u010da, osebnih napakah Padjena, zvinu gle\u017enja Gro\u0161i\u0107a in udarcu Hrabarja v brado, so fantje pokazali ogromno srce in pravi karakter. Kemija v ekipi je res vrhunska in v finale gremo po zmago.\u00ab<\/p>\n","protected":false},"excerpt":{"rendered":"Slovenska ko\u0161arkarska reprezentanca mlaj\u0161ih \u010dlanov se je uvrstila v finale evropskega prvenstva do 20 let v Ljubljani. Pred&hellip;\n","protected":false},"author":2,"featured_media":163980,"comment_status":"","ping_status":"","sticky":false,"template":"","format":"standard","meta":{"footnotes":"","_share_on_mastodon":"0"},"categories":[20],"tags":[7142,850,32,35,31,34,36,6829,37,60,38,921,33],"class_list":["post-163979","post","type-post","status-publish","format-standard","has-post-thumbnail","category-novice","tag-evropsko-prvenstvo","tag-francija","tag-headlines","tag-najpomembnejse-novice","tag-news","tag-novice","tag-osrednje-novice","tag-polfinale","tag-slovene","tag-slovenija","tag-slovenscina","tag-stozice","tag-top-stories"],"share_on_mastodon":{"url":"https:\/\/pubeurope.com\/@si\/116945226506925696","error":""},"_links":{"self":[{"href":"https:\/\/www.europesays.com\/si\/wp-json\/wp\/v2\/posts\/163979","targetHints":{"allow":["GET"]}}],"collection":[{"href":"https:\/\/www.europesays.com\/si\/wp-json\/wp\/v2\/posts"}],"about":[{"href":"https:\/\/www.europesays.com\/si\/wp-json\/wp\/v2\/types\/post"}],"author":[{"embeddable":true,"href":"https:\/\/www.europesays.com\/si\/wp-json\/wp\/v2\/users\/2"}],"replies":[{"embeddable":true,"href":"https:\/\/www.europesays.com\/si\/wp-json\/wp\/v2\/comments?post=163979"}],"version-history":[{"count":0,"href":"https:\/\/www.europesays.com\/si\/wp-json\/wp\/v2\/posts\/163979\/revisions"}],"wp:featuredmedia":[{"embeddable":true,"href":"https:\/\/www.europesays.com\/si\/wp-json\/wp\/v2\/media\/163980"}],"wp:attachment":[{"href":"https:\/\/www.europesays.com\/si\/wp-json\/wp\/v2\/media?parent=163979"}],"wp:term":[{"taxonomy":"category","embeddable":true,"href":"https:\/\/www.europesays.com\/si\/wp-json\/wp\/v2\/categories?post=163979"},{"taxonomy":"post_tag","embeddable":true,"href":"https:\/\/www.europesays.com\/si\/wp-json\/wp\/v2\/tags?post=163979"}],"curies":[{"name":"wp","href":"https:\/\/api.w.org\/{rel}","templated":true}]}}