{"id":164014,"date":"2026-07-19T07:14:15","date_gmt":"2026-07-19T07:14:15","guid":{"rendered":"https:\/\/www.europesays.com\/si\/164014\/"},"modified":"2026-07-19T07:14:15","modified_gmt":"2026-07-19T07:14:15","slug":"zaradi-neurja-s-toco-prekinili-koncert-bad-bunnyja","status":"publish","type":"post","link":"https:\/\/www.europesays.com\/si\/164014\/","title":{"rendered":"Zaradi neurja s to\u010do prekinili koncert Bad Bunnyja"},"content":{"rendered":"<p>Sobotni koncert priljubljenega portori\u0161kega pevca Bad Bunnyja na hipodromu Snai La Maura v Milanu so morali po le nekaj odpetih pesmih zaradi neurja s to\u010do prekiniti. Ve\u010d kot 80.000 ljudi so evakuirali s prizori\u0161\u010da, poro\u010da Rai News.<\/p>\n<p>Kmalu zatem, ko so se na\u00a0hipodromu Snai La Maura v Milanu zasli\u0161ali prvi hiti\u00a0portori\u0161kega pevca Bad Bunnyja, je za\u010dela klestiti to\u010da v velikosti oreha.<\/p>\n<p>Organizatorji so v upanju, da se bodo nevihti izognili, 80.000 obiskovalcev\u00a0koncerta najprej obvestili o 10-minutnem premoru in jih pozvali, naj ostanejo na svojih mestih. Ker pa so se vremenske razmere poslab\u0161ale, so izdali ukaz za evakuacijo. Med evakuacijo je kot oreh debela to\u010da po\u0161kodovala ve\u010d obiskovalcev. Po poro\u010danju Rai News, so zaradi neurja za\u010dasno zaprli tudi\u00a0postajo podzemne \u017eeleznice Uruguay.<\/p>\n<p>Sobotni koncert je bil drugi in zadnji milanski koncert\u00a0svetovne turneje Deb\u00ed tirar m\u00e1s fotos. Petkov koncert portori\u0161kega zvezdnika je bil razprodan, udele\u017eilo se ga je 80.000 ljudi.<\/p>\n","protected":false},"excerpt":{"rendered":"Sobotni koncert priljubljenega portori\u0161kega pevca Bad Bunnyja na hipodromu Snai La Maura v Milanu so morali po le&hellip;\n","protected":false},"author":2,"featured_media":164015,"comment_status":"","ping_status":"","sticky":false,"template":"","format":"standard","meta":{"footnotes":"","_share_on_mastodon":"0"},"categories":[18],"tags":[2040,20600,114,1018,920,19194,62,37,58,60,38,9590,115],"class_list":["post-164014","post","type-post","status-publish","format-standard","has-post-thumbnail","category-zabava","tag-bad-bunny","tag-benetke","tag-entertainment","tag-italija","tag-koncert","tag-nevihta","tag-si","tag-slovene","tag-slovenia","tag-slovenija","tag-slovenscina","tag-toca","tag-zabava"],"share_on_mastodon":{"url":"https:\/\/pubeurope.com\/@si\/116945411425560382","error":""},"_links":{"self":[{"href":"https:\/\/www.europesays.com\/si\/wp-json\/wp\/v2\/posts\/164014","targetHints":{"allow":["GET"]}}],"collection":[{"href":"https:\/\/www.europesays.com\/si\/wp-json\/wp\/v2\/posts"}],"about":[{"href":"https:\/\/www.europesays.com\/si\/wp-json\/wp\/v2\/types\/post"}],"author":[{"embeddable":true,"href":"https:\/\/www.europesays.com\/si\/wp-json\/wp\/v2\/users\/2"}],"replies":[{"embeddable":true,"href":"https:\/\/www.europesays.com\/si\/wp-json\/wp\/v2\/comments?post=164014"}],"version-history":[{"count":0,"href":"https:\/\/www.europesays.com\/si\/wp-json\/wp\/v2\/posts\/164014\/revisions"}],"wp:featuredmedia":[{"embeddable":true,"href":"https:\/\/www.europesays.com\/si\/wp-json\/wp\/v2\/media\/164015"}],"wp:attachment":[{"href":"https:\/\/www.europesays.com\/si\/wp-json\/wp\/v2\/media?parent=164014"}],"wp:term":[{"taxonomy":"category","embeddable":true,"href":"https:\/\/www.europesays.com\/si\/wp-json\/wp\/v2\/categories?post=164014"},{"taxonomy":"post_tag","embeddable":true,"href":"https:\/\/www.europesays.com\/si\/wp-json\/wp\/v2\/tags?post=164014"}],"curies":[{"name":"wp","href":"https:\/\/api.w.org\/{rel}","templated":true}]}}