{"id":164281,"date":"2026-07-19T13:42:12","date_gmt":"2026-07-19T13:42:12","guid":{"rendered":"https:\/\/www.europesays.com\/si\/164281\/"},"modified":"2026-07-19T13:42:12","modified_gmt":"2026-07-19T13:42:12","slug":"znana-mariborska-podjetnica-pokazala-svojo-najvecjo-sreco-rodila-se-je-aria-foto","status":"publish","type":"post","link":"https:\/\/www.europesays.com\/si\/164281\/","title":{"rendered":"Znana mariborska podjetnica pokazala svojo najve\u010djo sre\u010do, rodila se je Aria (FOTO)"},"content":{"rendered":"<p><a href=\"https:\/\/slovenskenovice.delo.si\/bulvar\/domaci-traci\/znana-slovenska-podjetnica-je-razkrila-veselo-novico-trenutek-ko-se-svet-za-hip-ustavi-zaradi-nepopisne-srece-video\" target=\"_blank\" rel=\"nofollow noopener\">Za uspe\u0161no mariborsko podjetnico, lastnico priljubljenih modnih trgovin in ustvarjalko vsebin Kim Slokan<\/a> se je za\u010delo novo, najlep\u0161e \u017eivljenjsko poglavje. Po letih tihega upanja, \u0161tevilnih razo\u010daranjih in dolgi poti do izpolnitve najve\u010dje \u017eelje sta z mo\u017eem\u00a0Nejcem v objemu prvi\u010d stisnila svojo h\u010derko. Deklica, ki sta jo poimenovala Aria, je na svet prijokala 15. julija in z njenim rojstvom se je, kot je zapisala Kim, njun svet za vedno spremenil.<\/p>\n<p>Njena zgodba se je v zadnjih mesecih dotaknila \u0161tevilnih sledilcev. Marca smo v Slovenskih novicah poro\u010dali, da je Kim na svojih profilih na Facebooku in Instagramu presenetila s \u010dustveno objavo, v kateri je razkrila, da pri\u010dakuje prvega otroka. Takrat je iskreno zapisala, da sta z izbrancem o tem trenutku dolgo sanjala in da pot do nose\u010dnosti ni bila lahka. Prav zaradi te odkritosti je prejela ogromno podpore ljudi, ki so skupaj z njo upali na sre\u010den razplet.<\/p>\n<p>Kim Slokan je ena najbolj prepoznavnih mariborskih podjetnic mlaj\u0161e generacije. Kot lastnica uspe\u0161nih modnih trgovin in ustvarjalka vsebin na dru\u017ebenih omre\u017ejih z ve\u010d tiso\u010d sledilci pogosto deli utrinke iz svojega poslovnega in zasebnega \u017eivljenja. Tokrat pa je z javnostjo delila dogodek, ki je zanjo brez dvoma najpomembnej\u0161i doslej.<\/p>\n<p>Na dru\u017ebenem omre\u017eju Instagram je danes objavila ganljiv zapis:\u00a0\u00bb15. 7. 2026. Dan, ki bo za vedno ostal najlep\u0161i dan najinega \u017eivljenja. Dobrodo\u0161la, najina Aria. 2.900 g in 51 cm naj\u010distej\u0161e ljubezni. S tvojim prihodom se je najin svet za vedno spremenil. Besede ne morejo opisati sre\u010de, ki jo \u010dutiva. Iz vsega srca se zahvaljujeva celotni ekipi UKC Maribor. Hvala zdravnikom, babicam in medicinskim sestram za va\u0161o izjemno strokovnost, toplino, sr\u010dnost in neizmerno prijaznost. V enem najpomembnej\u0161ih trenutkov najinega \u017eivljenja ste poskrbeli, da sva se po\u010dutila varno, mirno in v najbolj\u0161ih rokah. Zaradi vas bo spomin na rojstvo Arie za vedno \u0161e lep\u0161i.\u00ab<\/p>\n<p>V le nekaj trenutkih so se usule \u0161tevilne \u010destitke<\/p>\n<p>Pod objavo so se v le nekaj trenutkih usule \u0161tevilne \u010destitke prijateljev, znancev, sledilcev in drugih znanih obrazov. Mnogi so zapisali, da jih je novica iskreno razveselila, saj so spremljali njeno pot do materinstva in vedo, koliko ji pomeni uresni\u010ditev dolgoletne \u017eelje. Poleg vo\u0161\u010dil za rojstvo h\u010derke so \u0161tevilni pohvalili tudi njeno iskrenost, s katero je v preteklosti spregovorila o tem, da pot do star\u0161evstva ni bila preprosta.<\/p>\n<p>Rojstvo male Arie tako predstavlja sre\u010den zaklju\u010dek obdobja negotovosti in hkrati za\u010detek nove \u017eivljenjske zgodbe za mlado dru\u017eino. Pred Kim in Nejcem je zdaj povsem novo poglavje, polno prvih nasmehov, neprespanih no\u010di in nepozabnih trenutkov, ki jih prina\u0161a star\u0161evstvo. Ob tej lepi novici se \u010destitkam pridru\u017eujemo tudi v uredni\u0161tvu Slovenskih novic. Kim, Nejcu in mali Arii \u017eelimo veliko zdravja, sre\u010de in ne\u0161teto \u010dudovitih skupnih trenutkov.<\/p>\n","protected":false},"excerpt":{"rendered":"Za uspe\u0161no mariborsko podjetnico, lastnico priljubljenih modnih trgovin in ustvarjalko vsebin Kim Slokan se je za\u010delo novo, najlep\u0161e&hellip;\n","protected":false},"author":2,"featured_media":164282,"comment_status":"","ping_status":"","sticky":false,"template":"","format":"standard","meta":{"footnotes":"","_share_on_mastodon":"0"},"categories":[6],"tags":[1398,1844,573,42790,1691,503,59,61,772,1578,62,37,58,60,38,2591,5150],"class_list":["post-164281","post","type-post","status-publish","format-standard","has-post-thumbnail","category-slovenija","tag-druzbena-omrezja","tag-druzina","tag-instagram","tag-kim-slokan","tag-materinstvo","tag-otroci","tag-republic-of-slovenia","tag-republika-slovenija","tag-rojstvo","tag-rojstvo-otroka","tag-si","tag-slovene","tag-slovenia","tag-slovenija","tag-slovenscina","tag-sreca","tag-zivljenje"],"share_on_mastodon":{"url":"https:\/\/pubeurope.com\/@si\/116946937309750980","error":""},"_links":{"self":[{"href":"https:\/\/www.europesays.com\/si\/wp-json\/wp\/v2\/posts\/164281","targetHints":{"allow":["GET"]}}],"collection":[{"href":"https:\/\/www.europesays.com\/si\/wp-json\/wp\/v2\/posts"}],"about":[{"href":"https:\/\/www.europesays.com\/si\/wp-json\/wp\/v2\/types\/post"}],"author":[{"embeddable":true,"href":"https:\/\/www.europesays.com\/si\/wp-json\/wp\/v2\/users\/2"}],"replies":[{"embeddable":true,"href":"https:\/\/www.europesays.com\/si\/wp-json\/wp\/v2\/comments?post=164281"}],"version-history":[{"count":0,"href":"https:\/\/www.europesays.com\/si\/wp-json\/wp\/v2\/posts\/164281\/revisions"}],"wp:featuredmedia":[{"embeddable":true,"href":"https:\/\/www.europesays.com\/si\/wp-json\/wp\/v2\/media\/164282"}],"wp:attachment":[{"href":"https:\/\/www.europesays.com\/si\/wp-json\/wp\/v2\/media?parent=164281"}],"wp:term":[{"taxonomy":"category","embeddable":true,"href":"https:\/\/www.europesays.com\/si\/wp-json\/wp\/v2\/categories?post=164281"},{"taxonomy":"post_tag","embeddable":true,"href":"https:\/\/www.europesays.com\/si\/wp-json\/wp\/v2\/tags?post=164281"}],"curies":[{"name":"wp","href":"https:\/\/api.w.org\/{rel}","templated":true}]}}