{"id":164351,"date":"2026-07-19T15:48:11","date_gmt":"2026-07-19T15:48:11","guid":{"rendered":"https:\/\/www.europesays.com\/si\/164351\/"},"modified":"2026-07-19T15:48:11","modified_gmt":"2026-07-19T15:48:11","slug":"v-neurju-na-jadranu-nasedlo-vec-plovil-pri-kamenjaku-po-brodolomu-resili-avstrijce","status":"publish","type":"post","link":"https:\/\/www.europesays.com\/si\/164351\/","title":{"rendered":"V neurju na Jadranu nasedlo ve\u010d plovil, pri Kamenjaku po brodolomu re\u0161ili Avstrijce"},"content":{"rendered":"<p>\t\t\t\t\t\t\t\t<a href=\"https:\/\/www.europesays.com\/si\/wp-content\/uploads\/2026\/07\/67062542.jpg\" itemprop=\"contentUrl\" data-size=\"1200x800\" data-large=\"https:\/\/www.europesays.com\/si\/wp-content\/uploads\/2026\/07\/67062542.jpg\"><br \/>\n\t\t\t\t\t\t\t\t\t<img decoding=\"async\" src=\"https:\/\/www.europesays.com\/si\/wp-content\/uploads\/2026\/07\/67062542.jpg\" title=\"Re\u0161evanje avstrijskih dr\u017eavljanov. Foto: Hrva\u0161ko ministrstvo za morje, promet in infrastrukturo.\" alt=\"Re\u0161evanje avstrijskih dr\u017eavljanov. Foto: Hrva\u0161ko ministrstvo za morje, promet in infrastrukturo.\"\/><br \/>\n\t\t\t\t\t\t\t\t<\/a><\/p>\n<p>\t\t\t\t\t\t\t\t\tRe\u0161evanje avstrijskih dr\u017eavljanov. Foto: Hrva\u0161ko ministrstvo za morje, promet in infrastrukturo.<\/p>\n<p>\t\t\t\t\t\t\t<a id=\"preferredSourceBanner\" href=\"#\" target=\"_blank\" class=\"d-none align-items-center justify-content-between rounded my-3\" style=\"background-color: #F2F6FC; padding: 10px 15px;\"><br \/>\n\t\t\t\t\t\t<img decoding=\"async\" src=\"https:\/\/img.rtvslo.si\/_static\/novi\/img\/ico-google.svg\" class=\"flex-shrink-0 mr-3\" aria-hidden=\"true\"\/><br \/>\n\t\t\t\t\t\tSpremljajte RTVSLO.si kot prednostni vir na Google<\/p>\n<p>\t\t\t\t\t<\/a><\/p>\n<p>&#8220;Nacionalni center za koordinacijo iskanja in re\u0161evanja na morju je v sodelovanju s puljsko pristani\u0161ko upravo pono\u010di koordiniral re\u0161evalno akcijo za \u017ertve brodoloma v bli\u017eini rta Kamenjak, medtem ko je bilo pono\u010di prejetih na desetine poro\u010dil o nasedlih plovilih v severnem Jadranu,&#8221; je sporo\u010dilo hrva\u0161ko ministrstvo za morje, promet in infrastrukturo.<\/p>\n<p>Oglas<\/p>\n<p>Trije avstrijski dr\u017eavljani so poklicali na pomo\u010d, potem ko se je njihova jadrnica za\u010dela potapljati. Ko so jih predstavniki Lu\u0161ke kapitanije Pulj na\u0161li pribli\u017eno 12 navti\u010dnih milj ju\u017eno od Kamenjaka, so bili nepo\u0161kodovani na re\u0161ilnem splavu ob jadrnici. Premestili so jih na re\u0161evalno plovilo Lu\u0161ke kapitanije in prepeljali v Pulj.<\/p>\n<p>Zaradi nenadnega prehoda frontalne motnje, ki so jo spremljali mo\u010dni sunki vetra in razburkano morje, je poleg tega ve\u010d plovil nasedlo na obmo\u010dju otokov Unije, Susak in Lo\u0161inj, so pojasnili na ministrstvu.<\/p>\n<p>Predstavniki izpostave Lu\u0161ke kapitanije Mali Lo\u0161inj so si ogledali prizadeto obmo\u010dje in ugotovili, da razen nasedlih plovil ni bilo \u017ertev ali po\u0161kodovanih ljudi ter da ni bilo onesna\u017eeno morje ali morsko okolje.<\/p>\n<p>Oglas<\/p>\n","protected":false},"excerpt":{"rendered":"Re\u0161evanje avstrijskih dr\u017eavljanov. Foto: Hrva\u0161ko ministrstvo za morje, promet in infrastrukturo. Spremljajte RTVSLO.si kot prednostni vir na Google&hellip;\n","protected":false},"author":2,"featured_media":164352,"comment_status":"","ping_status":"","sticky":false,"template":"","format":"standard","meta":{"footnotes":"","_share_on_mastodon":"0"},"categories":[3],"tags":[65,66,42805,782,41941,37,38],"class_list":["post-164351","post","type-post","status-publish","format-standard","has-post-thumbnail","category-evropa","tag-europe","tag-evropa","tag-hrvapka","tag-neurje","tag-severni-jadran","tag-slovene","tag-slovenscina"],"share_on_mastodon":{"url":"https:\/\/pubeurope.com\/@si\/116947432955276328","error":""},"_links":{"self":[{"href":"https:\/\/www.europesays.com\/si\/wp-json\/wp\/v2\/posts\/164351","targetHints":{"allow":["GET"]}}],"collection":[{"href":"https:\/\/www.europesays.com\/si\/wp-json\/wp\/v2\/posts"}],"about":[{"href":"https:\/\/www.europesays.com\/si\/wp-json\/wp\/v2\/types\/post"}],"author":[{"embeddable":true,"href":"https:\/\/www.europesays.com\/si\/wp-json\/wp\/v2\/users\/2"}],"replies":[{"embeddable":true,"href":"https:\/\/www.europesays.com\/si\/wp-json\/wp\/v2\/comments?post=164351"}],"version-history":[{"count":0,"href":"https:\/\/www.europesays.com\/si\/wp-json\/wp\/v2\/posts\/164351\/revisions"}],"wp:featuredmedia":[{"embeddable":true,"href":"https:\/\/www.europesays.com\/si\/wp-json\/wp\/v2\/media\/164352"}],"wp:attachment":[{"href":"https:\/\/www.europesays.com\/si\/wp-json\/wp\/v2\/media?parent=164351"}],"wp:term":[{"taxonomy":"category","embeddable":true,"href":"https:\/\/www.europesays.com\/si\/wp-json\/wp\/v2\/categories?post=164351"},{"taxonomy":"post_tag","embeddable":true,"href":"https:\/\/www.europesays.com\/si\/wp-json\/wp\/v2\/tags?post=164351"}],"curies":[{"name":"wp","href":"https:\/\/api.w.org\/{rel}","templated":true}]}}