{"id":164493,"date":"2026-07-19T19:26:17","date_gmt":"2026-07-19T19:26:17","guid":{"rendered":"https:\/\/www.europesays.com\/si\/164493\/"},"modified":"2026-07-19T19:26:17","modified_gmt":"2026-07-19T19:26:17","slug":"samsung-je-ta-teden-posodobil-15-naprav-samsung-magazine","status":"publish","type":"post","link":"https:\/\/www.europesays.com\/si\/164493\/","title":{"rendered":"Samsung je ta teden posodobil 15 naprav \u2013 Samsung Magazine"},"content":{"rendered":"<p>29. teden v letu se bli\u017ea koncu. 2026 in v njem je Samsung nadaljeval z izdajanjem novih posodobitev za svoje naprave. Nadaljeval je z izdajanjem julijske varnostne popravke, ki jo je za\u010del prej\u0161nji teden. Ni \u0161lo za vihar, a je doseglo nekaj modelov. Poleg tega je dodal tudi novo posodobitev za paradne slu\u0161alke iz predlanskega leta. Nova One UI Noben model ni bil izdan, zato je odlo\u010ditev va\u0161a. Galaxy S26, ki je prejel 4. beta razli\u010dico One UI 9. Samsung je v tednu od 13. do 19. julija izdal novo posodobitev za skupno 18 naprav.<\/p>\n<p>Te Samsungove naprave so bile prejete v 29. tednu leta 2026 nova posodobitev<br \/>\nTelefoni z julijsko posodobitvijo<\/p>\n<p>Galaxy S26: S94xBXXS4AZG5 (Evropa, Indija)<br \/>\nGalaxy S25: vdelana programska oprema, ki se kon\u010da na CZG3 (Evropa, Indija)<br \/>\nGalaxy S25 Edge: vdelana programska oprema, ki se kon\u010da na CZG3 (Evropa, Indija)<br \/>\nGalaxy S25 FE: vdelana programska oprema, ki se kon\u010da na BZG3 (Evropa, Indija)<br \/>\nGalaxy S24: S92xNKSS6DZG1 (Ji\u017en\u00ed Koreja)<br \/>\nGalaxy Z Fold6: F956BXXS4DZF1 (Evropa, Azija, Afrika)<br \/>\nGalaxy Z Flip6: F741BXXS4DZF1 (Evropa, Azija, Afrika)<br \/>\nGalaxy A56: A566EXXSCCZG6 (Evropa, Azija, Afrika)<br \/>\nGalaxy A55: A556SKSS8DZF2 (Ji\u017en\u00ed Koreja)<br \/>\nGalaxy A35: A356NKSS9DZG1 (Evropa, Azija, Afrika)<br \/>\nGalaxy A25: A256U1UESCEZG1 (Evropa, Azija, Afrika)<\/p>\n<p>Naprave, ki so prejele posodobitev, ki prina\u0161a izbolj\u0161ano stabilnost<\/p>\n<p>Galaxy Buds3 Pro: R630XXU0AZG2 (Ji\u017en\u00ed Koreja)<\/p>\n<p>Kak\u0161en \u010drvence Ali posodobitev to popravi?<\/p>\n<p>Julijski paket varnostnih popravkov 2026 Obravnava skupno 41 CVE (splo\u0161nih ranljivosti Androida, ki jih zagotavlja Google) in 16 SVE (specifi\u010dnih ranljivosti programske opreme Samsung). Med popravki ranljivosti, ki jih je objavil Google, je 5 napak razvr\u0161\u010denih kot kriti\u010dnih, preostali Googlovi popravki spadajo v kategorijo visokega tveganja, noben od popravkov pa tokrat ni bil ozna\u010den kot srednje tvegan. Samsung je v svojih 16 popravkih, ki vplivajo na naprave z operacijskim sistemom Android 14, 15 in 16, navedel podrobnosti za 6 ranljivosti z visokim tveganjem in 7 ranljivosti s srednjim tveganjem. Preostalih programskih napak zaradi varnostnih razlogov ni navedel.<\/p>\n<p>                                <a href=\"https:\/\/samsungmagazine.eu\/sl\/2026\/07\/17\/one-ui-9-galaxy-s25\/\" class=\"thumbnail\" title=\"Razkrito One UI 9 pro Galaxy S25. Ima funkcijo, ki je ne boste na\u0161li niti v Galaxy S26 Beta 4\" rel=\"nofollow noopener\" target=\"_blank\"><\/p>\n<p>    <img decoding=\"async\" class=\"lazyload landscape \"  data- src=\"https:\/\/www.europesays.com\/si\/wp-content\/uploads\/2026\/07\/One-UI-9-cover.jpg\" title=\"One UI 9 ovitek\" alt=\"One UI 9 ovitek\" data-caption=\"\" data-orig-width=\"1000\" data-orig-height=\"560\"\/><br \/>\n                    <\/a><\/p>\n<p class=\"gt-block\">Samsung v <a href=\"https:\/\/security.samsungmobile.com\/securityUpdate.smsb\" rel=\"nofollow noopener\" target=\"_blank\">dokumentacijo<\/a> Poudaril je tudi, da so bili nekateri popravki iz Googlovega julijskega biltena v njegovi napravi \u017ee implementirani v prej\u0161njih posodobitvah oziroma da so telefoni Galaxy Samsung Semiconductor ta mesec ni omenil nobenih posebnih popravkov za procesorje Exynos.<\/p>\n","protected":false},"excerpt":{"rendered":"29. teden v letu se bli\u017ea koncu. 2026 in v njem je Samsung nadaljeval z izdajanjem novih posodobitev&hellip;\n","protected":false},"author":2,"featured_media":164494,"comment_status":"","ping_status":"","sticky":false,"template":"","format":"standard","meta":{"footnotes":"","_share_on_mastodon":"0"},"categories":[3],"tags":[65,66,37,38],"class_list":["post-164493","post","type-post","status-publish","format-standard","has-post-thumbnail","category-evropa","tag-europe","tag-evropa","tag-slovene","tag-slovenscina"],"share_on_mastodon":{"url":"https:\/\/pubeurope.com\/@si\/116948289923674389","error":""},"_links":{"self":[{"href":"https:\/\/www.europesays.com\/si\/wp-json\/wp\/v2\/posts\/164493","targetHints":{"allow":["GET"]}}],"collection":[{"href":"https:\/\/www.europesays.com\/si\/wp-json\/wp\/v2\/posts"}],"about":[{"href":"https:\/\/www.europesays.com\/si\/wp-json\/wp\/v2\/types\/post"}],"author":[{"embeddable":true,"href":"https:\/\/www.europesays.com\/si\/wp-json\/wp\/v2\/users\/2"}],"replies":[{"embeddable":true,"href":"https:\/\/www.europesays.com\/si\/wp-json\/wp\/v2\/comments?post=164493"}],"version-history":[{"count":0,"href":"https:\/\/www.europesays.com\/si\/wp-json\/wp\/v2\/posts\/164493\/revisions"}],"wp:featuredmedia":[{"embeddable":true,"href":"https:\/\/www.europesays.com\/si\/wp-json\/wp\/v2\/media\/164494"}],"wp:attachment":[{"href":"https:\/\/www.europesays.com\/si\/wp-json\/wp\/v2\/media?parent=164493"}],"wp:term":[{"taxonomy":"category","embeddable":true,"href":"https:\/\/www.europesays.com\/si\/wp-json\/wp\/v2\/categories?post=164493"},{"taxonomy":"post_tag","embeddable":true,"href":"https:\/\/www.europesays.com\/si\/wp-json\/wp\/v2\/tags?post=164493"}],"curies":[{"name":"wp","href":"https:\/\/api.w.org\/{rel}","templated":true}]}}