{"id":164589,"date":"2026-07-19T22:13:11","date_gmt":"2026-07-19T22:13:11","guid":{"rendered":"https:\/\/www.europesays.com\/si\/164589\/"},"modified":"2026-07-19T22:13:11","modified_gmt":"2026-07-19T22:13:11","slug":"vrtovec-obljublja-preboj-3-razvojna-os-jug-pa-ostaja-ujeta-v-tozbah","status":"publish","type":"post","link":"https:\/\/www.europesays.com\/si\/164589\/","title":{"rendered":"Vrtovec obljublja preboj, 3. razvojna os jug pa ostaja ujeta v to\u017ebah"},"content":{"rendered":"<p style=\"text-align: justify;\">Nova vlada je gradnjo hitrih cest postavila med svoje klju\u010dne prioritete, minister za infrastrukturo Jernej Vrtovec iz NSI pa napoveduje bolj odlo\u010den tempo pri projektih, ki so se v preteklosti prepo\u010dasi premikali. Ob tem opozarja, da vseh te\u017eav na cestnem omre\u017eju ni mogo\u010de re\u0161iti v nekaj tednih, saj so nekateri projekti zabetonirani v postopkih, sporih in sodnih zaostankih. Med najpomembnej\u0161imi nalogami novega mandata izpostavlja tudi celotno 3. razvojno os, zlasti njej ju\u017eni krak.<\/p>\n<p style=\"text-align: justify;\">Pri tem je polo\u017eaj na Dolenjskem posebej ob\u010dutljiv. Novo mesto in \u0161ir\u0161a regija se \u017ee leta du\u0161ita v prometu, podobno pa velja za povezavo \u010dez Gorjance proti Beli krajini. Vrtovec poudarja, da se na jugu zatika predvsem zaradi to\u017ebe na upravnem sodi\u0161\u010du, ki zadr\u017euje gradbeno dovoljenje in s tem celoten projekt. Dokler sodi\u0161\u010de o zadevi ne odlo\u010di, se dela ne morejo za\u010deti, vsak nov mesec \u010dakanja pa pomeni dodatne stro\u0161ke in dodatno izgubljen \u010das za doma\u010dine.<\/p>\n<p style=\"text-align: justify;\"><a href=\"https:\/\/nova24tv.si\/tarca-minister-vrtovec-o-nocnem-delu-na-avtocesti-moramo-dela-pohitriti-tam-kjer-so-najvecji-zastoji\/\" rel=\"nofollow noopener\" target=\"_blank\"><\/p>\n<p> Preberite \u0161e: [Tar\u010da] Minister Vrtovec o no\u010dnem delu na avtocesti: \u201cMoramo dela pohitriti tam, kjer so najve\u010dji zastoji\u201d<\/p>\n<p><\/a><\/p>\n<p style=\"text-align: justify;\">Dolenjska \u010daka, politika pa se preriva<\/p>\n<p style=\"text-align: justify;\">Na Dolenjskem zato vre \u017ee dlje \u010dasa. Gradnji nasprotuje manj\u0161a skupina posameznikov iz Novega mesta, Ma\u010dkovca in dela vasi Krka, pri \u010demer se v javnosti pogosto izpostavlja tudi upravna in\u0161pektorica Mateja Jakli\u010d. Kritiki tega tabora opozarjajo, da se lokalni razvoj znova ustavlja zaradi ozkih interesov in proceduralnega zavla\u010devanja, medtem ko ve\u010dina prebivalcev vsak dan izgublja ure v prometnih zastojih.<\/p>\n<p><img fetchpriority=\"high\" decoding=\"async\" class=\"wp-image-720979\" src=\"https:\/\/www.europesays.com\/si\/wp-content\/uploads\/2026\/07\/Tretja-razvojna-os-3-400x300.jpg\" alt=\"\" width=\"721\" height=\"541\"  \/><br \/>Gradbena dela na gradbi\u0161\u010du tretje razvojne osi Jenina na obmo\u010dju Mestne ob\u010dine Slovenj Gradec. (Foto: sta)<\/p>\n<p style=\"text-align: justify;\">V politi\u010dnem prostoru se ob tem vle\u010de tudi senca preteklih obljub. Leta 2022 so Robert Golob, Gibanje svoboda, Levica in Vesna skupaj z drugimi akterji pred volitvami podpirali idejo moratorija na gradnjo cest, kakr\u0161nega je zahtevalo gibanje Glas ljudstva pod vodstvom Ja\u0161e Jenulla. Prav zato dana\u0161nje blokade na jugu 3. razvojne osi marsikomu delujejo kot neposredna posledica politi\u010dnega okolja, ki je prometne projekte obravnavalo kot nekaj sekundarnega ali celo neza\u017eelenega.<\/p>\n<p style=\"text-align: justify;\">Vrtovec za\u010denja bolj odlo\u010dno<\/p>\n<p style=\"text-align: justify;\">Minister Vrtovec je 14. julija podpisal protokol z \u017eupani in \u017eupanjami 11 ob\u010din na ju\u017enem delu 3. razvojne osi, med njimi iz Dobrepolja, Grosuplja, Iga, Kostela, Ko\u010devja, Lo\u0161kega Potoka, Osilnice, Ribnice, Sodra\u017eice, \u0160kofljice in Velikih La\u0161\u010d. Dokument naj bi pomenil jasno zavezo, da se projekti od Ljubljane do Petrine premaknejo iz papirjev v realnost. Po njegovih besedah je cilj prepre\u010diti nadaljnje zavla\u010devanje in projektom dati operativni zagon.<\/p>\n<p><img loading=\"lazy\" decoding=\"async\" class=\"wp-image-988122\" src=\"https:\/\/www.europesays.com\/si\/wp-content\/uploads\/2026\/07\/POL20260715-1000047706-400x296.jpg\" alt=\"\" width=\"715\" height=\"529\"  \/>Jernej Vrtovec minister za infrastrukturo<br \/>(Foto: Bobo)<\/p>\n<p style=\"text-align: justify;\">Vzporedno je obiskal tudi severni del 3. razvojne osi, kjer dela \u017ee potekajo. Poleg tega je 17. julija Darsu predlagal \u0161e tretji pas na najbolj obremenjenih avtocestnih odsekih, med drugim med Dom\u017ealami in Ljubljano, Vrhniko in Ljubljano, pri Postojni ter pri Ivan\u010dni Gorici. Od Darsa in SDH pri\u010dakuje za\u010detek postopkov, obenem pa napoveduje tudi prilagoditve zakonodaje, ki bi tak\u0161ne projekte pospe\u0161ile.<\/p>\n<p style=\"text-align: justify;\">Kaj se \u0161e lahko zatakne<\/p>\n<p style=\"text-align: justify;\">Kljub temu ostaja ju\u017eni krak 3. razvojne osi v prime\u017eu sodnih postopkov. Dokler upravno sodi\u0161\u010de ne odlo\u010di o to\u017ebi glede gradbenega dovoljenja, gradnja ne more ste\u010di. To pomeni, da bo politi\u010dna volja nove vlade sama po sebi premalo, \u010de se ne bo razre\u0161il tudi pravni zastoj.<\/p>\n<p>T.P.\u00a0<\/p>\n","protected":false},"excerpt":{"rendered":"Nova vlada je gradnjo hitrih cest postavila med svoje klju\u010dne prioritete, minister za infrastrukturo Jernej Vrtovec iz NSI&hellip;\n","protected":false},"author":2,"featured_media":164590,"comment_status":"","ping_status":"","sticky":false,"template":"","format":"standard","meta":{"footnotes":"","_share_on_mastodon":"0"},"categories":[6],"tags":[14517,9021,9712,7182,159,59,61,62,37,58,60,38],"class_list":["post-164589","post","type-post","status-publish","format-standard","has-post-thumbnail","category-slovenija","tag-3-razvojna-os","tag-glas-ljudstva","tag-jasa-jenull","tag-jernej-vrtovec","tag-lokalno","tag-republic-of-slovenia","tag-republika-slovenija","tag-si","tag-slovene","tag-slovenia","tag-slovenija","tag-slovenscina"],"share_on_mastodon":{"url":"https:\/\/pubeurope.com\/@si\/116948946688164896","error":""},"_links":{"self":[{"href":"https:\/\/www.europesays.com\/si\/wp-json\/wp\/v2\/posts\/164589","targetHints":{"allow":["GET"]}}],"collection":[{"href":"https:\/\/www.europesays.com\/si\/wp-json\/wp\/v2\/posts"}],"about":[{"href":"https:\/\/www.europesays.com\/si\/wp-json\/wp\/v2\/types\/post"}],"author":[{"embeddable":true,"href":"https:\/\/www.europesays.com\/si\/wp-json\/wp\/v2\/users\/2"}],"replies":[{"embeddable":true,"href":"https:\/\/www.europesays.com\/si\/wp-json\/wp\/v2\/comments?post=164589"}],"version-history":[{"count":0,"href":"https:\/\/www.europesays.com\/si\/wp-json\/wp\/v2\/posts\/164589\/revisions"}],"wp:featuredmedia":[{"embeddable":true,"href":"https:\/\/www.europesays.com\/si\/wp-json\/wp\/v2\/media\/164590"}],"wp:attachment":[{"href":"https:\/\/www.europesays.com\/si\/wp-json\/wp\/v2\/media?parent=164589"}],"wp:term":[{"taxonomy":"category","embeddable":true,"href":"https:\/\/www.europesays.com\/si\/wp-json\/wp\/v2\/categories?post=164589"},{"taxonomy":"post_tag","embeddable":true,"href":"https:\/\/www.europesays.com\/si\/wp-json\/wp\/v2\/tags?post=164589"}],"curies":[{"name":"wp","href":"https:\/\/api.w.org\/{rel}","templated":true}]}}