{"id":164599,"date":"2026-07-19T22:32:17","date_gmt":"2026-07-19T22:32:17","guid":{"rendered":"https:\/\/www.europesays.com\/si\/164599\/"},"modified":"2026-07-19T22:32:17","modified_gmt":"2026-07-19T22:32:17","slug":"uvodni-nalet-prevec-za-dance-slovenija-ima-bron","status":"publish","type":"post","link":"https:\/\/www.europesays.com\/si\/164599\/","title":{"rendered":"Uvodni nalet preve\u010d za Dance, Slovenija ima bron!"},"content":{"rendered":"<p>Slovenija je v tej starostni kategoriji osvojila \u017ee \u0161esto kolajno.<\/p>\n<p>Mo\u0161ka rokometna reprezentanca Slovenije (U20)\u00a0je osvojila bronasto kolajno na <a href=\"https:\/\/www.eurohandball.com\/en\/competitions\/younger-age-competitions\/men\/m20-ehf-euro-2026\/\" onclick=\"window.open(this.href, &#039;&#039;, &#039;resizable=no,status=no,location=no,toolbar=no,menubar=no,fullscreen=no,scrollbars=no,dependent=no&#039;); return false;\" rel=\"nofollow noopener\" target=\"_blank\">evropskem prvenstvu do 20 let<\/a> v Romuniji. Na tekmi za tretje mesto je v Cluj-Napoci premagala Dansko (30:28).\u00a0<\/p>\n<p>Izbranci slovenskega selektorja Toma\u017ea Ocvirka so silovito odprli tekmo in v sedmi minuti povedli s 6:0, potem ko sta po dva gola dosegla Alju\u0161 An\u017ei\u010d in Vanja Dragi\u0107, po enega pa Miha in Tja\u017e \u0160taleker. Tekmeci iz Hamletove de\u017eele jim niso bili kos niti sredi prvega pol\u010dasa, razigrani slovenski rokometa\u0161i so si v 19. minuti priigrali kar devet golov prednosti (12:3).<\/p>\n<p>Do odhoda na veliki odmor so popustili. Danci so v 27. minuti ve\u010d kot prepolovili visok primanjkljaj v golih (10:14), Slovenci pa so se na veliki odmor odpravili z vodstvom 15:10.<\/p>\n<p>Ocvirkovi izbranci so v 42. minuti imeli prednost \u0161estih golov (22:16), a so Danci v naslednjih \u0161estih minutah naredili delni izid 6:1 in jim povsem zadihali za ovratnik (22:23).<\/p>\n<p>Slovenski rokometa\u0161i so v prelomnih trenutkih dvoboja v 55. minuti po golu Roka Grabnerja povedli z 28:24. Danska minuta odmora jih je zaustavila, tekmeci so v naslednjih treh minutah naredili delni izid 3:0 in zni\u017eali na 27:28. V izjemno razburljivi in napeti kon\u010dnici je Rok Gregori\u010d povi\u0161al na 30:28 in postavil kon\u010dni izid na dvoboju za tretje mesto.<\/p>\n<p>V slovenski izbrani vrsti sta bila najbolj u\u010dinkovita An\u017ei\u010d z devetimi in Tja\u017e \u0160taleker z osmimi goli, vratar Matev\u017e Mlakar pa je zbral 14 obramb.<\/p>\n<p>Finalna tekma med \u0160vedsko in Mad\u017earsko se bo pri\u010dela ob 18.30.<\/p>\n<p>\u0160esto odli\u010dje<\/p>\n<p>Slovenija je v tej starostni kategoriji osvojila \u017ee \u0161esto kolajno. Na celinskem tekmovanju leta 2018 je osvojila zlato, leta 2002 srebrno, v letih 2004, 2010, 2012 in letos pa bronasto kolajno.<\/p>\n<p>Slovenija je na leto\u0161njem celinskem tekmovanju v skupinskem delu premagala Poljsko s 40:34 in \u010ce\u0161ko s 35:31, proti Mad\u017earski pa je izgubila s 26:28. V glavnem delu tekmovanja si je po zmagi proti Romuniji s 53:32 in porazu proti \u0160vedski z 32:33 izborila nastop v \u010detrtfinalu in ugnala \u0160panijo s 30:23.<\/p>\n<p>V polfinalu ni bila kos Mad\u017earski, po porazu s 24:31 pa je v dana\u0161nji tekmi za bronasto odli\u010dje premagala Dansko.<\/p>\n<p>&#8220;Za nami je neverjetna tekma. Po bole\u010dem porazu v polfinalu, ko smo delovali povsem brez energije, nam je uspelo dvigniti glave in odigrati vrhunsko tekmo. Vesel sem, da so fantje po tako dolgem prvenstvu in \u0161tevilnih zahtevnih obra\u010dunih na\u0161li dovolj mo\u010di ter znova pokazali, kako se bori za Slovenijo. V obrambi smo bili \u010dvrsti, v napadu pa smo, tako kot smo se dogovorili, prihajali do lepih prilo\u017enosti za zadetek. Povsem razumljivo je, da nam je v drugem pol\u010dasu nekoliko zmanjkalo energije, a smo se borili do zadnje sekunde,&#8221; je po tekmi za Rokometno zvezo Slovenije dejal Ocvirk.<\/p>\n<p>EP v rokometu (U20), tekma za 3. mesto:<\/p>\n<p>Slovenija &#8211; Danska 30:28 (15:10)<br \/>An\u017ei\u010d 9, T. \u0160talekar 8, Dragi\u0107 6; Sunesen 6.<\/p>\n<p><a href=\"https:\/\/www.zurnal24.si\/sport\/mailto:dezurni@styria-media.si\" target=\"_blank\" rel=\"nofollow noopener\">dezurni@styria-media.si<\/a><\/p>\n","protected":false},"excerpt":{"rendered":"Slovenija je v tej starostni kategoriji osvojila \u017ee \u0161esto kolajno. Mo\u0161ka rokometna reprezentanca Slovenije (U20)\u00a0je osvojila bronasto kolajno&hellip;\n","protected":false},"author":2,"featured_media":164600,"comment_status":"","ping_status":"","sticky":false,"template":"","format":"standard","meta":{"footnotes":"","_share_on_mastodon":"0"},"categories":[20],"tags":[33252,7142,32,35,31,34,36,301,37,38,33],"class_list":["post-164599","post","type-post","status-publish","format-standard","has-post-thumbnail","category-novice","tag-ep","tag-evropsko-prvenstvo","tag-headlines","tag-najpomembnejse-novice","tag-news","tag-novice","tag-osrednje-novice","tag-rokomet","tag-slovene","tag-slovenscina","tag-top-stories"],"share_on_mastodon":{"url":"https:\/\/pubeurope.com\/@si\/116949021157395242","error":""},"_links":{"self":[{"href":"https:\/\/www.europesays.com\/si\/wp-json\/wp\/v2\/posts\/164599","targetHints":{"allow":["GET"]}}],"collection":[{"href":"https:\/\/www.europesays.com\/si\/wp-json\/wp\/v2\/posts"}],"about":[{"href":"https:\/\/www.europesays.com\/si\/wp-json\/wp\/v2\/types\/post"}],"author":[{"embeddable":true,"href":"https:\/\/www.europesays.com\/si\/wp-json\/wp\/v2\/users\/2"}],"replies":[{"embeddable":true,"href":"https:\/\/www.europesays.com\/si\/wp-json\/wp\/v2\/comments?post=164599"}],"version-history":[{"count":0,"href":"https:\/\/www.europesays.com\/si\/wp-json\/wp\/v2\/posts\/164599\/revisions"}],"wp:featuredmedia":[{"embeddable":true,"href":"https:\/\/www.europesays.com\/si\/wp-json\/wp\/v2\/media\/164600"}],"wp:attachment":[{"href":"https:\/\/www.europesays.com\/si\/wp-json\/wp\/v2\/media?parent=164599"}],"wp:term":[{"taxonomy":"category","embeddable":true,"href":"https:\/\/www.europesays.com\/si\/wp-json\/wp\/v2\/categories?post=164599"},{"taxonomy":"post_tag","embeddable":true,"href":"https:\/\/www.europesays.com\/si\/wp-json\/wp\/v2\/tags?post=164599"}],"curies":[{"name":"wp","href":"https:\/\/api.w.org\/{rel}","templated":true}]}}