{"id":164831,"date":"2026-07-20T07:16:09","date_gmt":"2026-07-20T07:16:09","guid":{"rendered":"https:\/\/www.europesays.com\/si\/164831\/"},"modified":"2026-07-20T07:16:09","modified_gmt":"2026-07-20T07:16:09","slug":"magyar-bo-za-predsednico-drzave-predlagal-sahovsko-velemojstrico-judit-polgar","status":"publish","type":"post","link":"https:\/\/www.europesays.com\/si\/164831\/","title":{"rendered":"Magyar bo za predsednico dr\u017eave predlagal \u0161ahovsko velemojstrico Judit Polgar"},"content":{"rendered":"<p>\t\t\t\t\t\t\t\t<a href=\"https:\/\/www.europesays.com\/si\/wp-content\/uploads\/2026\/07\/67062668.jpg\" itemprop=\"contentUrl\" data-size=\"1200x800\" data-large=\"https:\/\/www.europesays.com\/si\/wp-content\/uploads\/2026\/07\/67062668.jpg\"><br \/>\n\t\t\t\t\t\t\t\t\t<img decoding=\"async\" src=\"https:\/\/www.europesays.com\/si\/wp-content\/uploads\/2026\/07\/67062668.jpg\" title=\"Judit Polgar na petem svetovnem \u0161ahovskem festivalu v Budimpe\u0161ti leta 2019. Foto: EPA\" alt=\"Judit Polgar na petem svetovnem \u0161ahovskem festivalu v Budimpe\u0161ti leta 2019. Foto: EPA\"\/><br \/>\n\t\t\t\t\t\t\t\t<\/a><\/p>\n<p>\t\t\t\t\t\t\t\t\tJudit Polgar na petem svetovnem \u0161ahovskem festivalu v Budimpe\u0161ti leta 2019. Foto: EPA<\/p>\n<p>\t\t\t\t\t\t\t<a id=\"preferredSourceBanner\" href=\"#\" target=\"_blank\" class=\"d-none align-items-center justify-content-between rounded my-3\" style=\"background-color: #F2F6FC; padding: 10px 15px;\"><br \/>\n\t\t\t\t\t\t<img decoding=\"async\" src=\"https:\/\/img.rtvslo.si\/_static\/novi\/img\/ico-google.svg\" class=\"flex-shrink-0 mr-3\" aria-hidden=\"true\"\/><br \/>\n\t\t\t\t\t\tSpremljajte RTVSLO.si kot prednostni vir na Google<\/p>\n<p>\t\t\t\t\t<\/a><\/p>\n<p>&#8220;\u017de desetletja je ime Judit Polgar sinonim za talent in vztrajnost,&#8221; je na dru\u017ebenih omre\u017ejih zapisal Magyar in med drugim izpostavil \u0161tevilne dose\u017eke \u0161ahovske velemojstrice.<\/p>\n<p>Oglas<\/p>\n<p>&#8220;Spo\u0161tovanje, ki jo obdaja, ne izhaja iz politi\u010dne pripadnosti ali povezav, temve\u010d iz njenega izjemnega talenta, prizadevnosti, neprimerljive vztrajnosti in integritete. (&#8230;) Osebno bi mi bilo v veliko \u010dast, \u010de bi nominacijo sprejela,&#8221; je \u0161e dejal.<\/p>\n<p>Pri tem je poudaril, da Mad\u017earska potrebuje enotnost, mir in predsednico, na katero bo lahko ponosen vsak Mad\u017ear. &#8220;Predsedni\u0161ki mandat ni slu\u017eba ali delovno mesto, temve\u010d najvi\u0161ja oblika slu\u017eenja. Dol\u017enost predsednika je, da slu\u017ei in zastopa vsakega Mad\u017eara,&#8221; je \u0161e dodal.<\/p>\n<p>Magyar naj bi se kmalu s Polgar se\u0161el \u017ee v ponedeljek. Za predsednico dr\u017eave jo namerava predlagati po tem, ko je dosedanji predsednik Tamas Sulyok podpisal ustavni amandma, nedavno sprejet v parlamentu v okviru sve\u017enja ustavnih sprememb, s \u010dimer se kon\u010duje njegov mandat. Predsednika dr\u017eave sicer izvoli mad\u017earski parlament, v katerem ima Magyarjeva stranka Tisza dvotretjinsko ve\u010dino.<\/p>\n<p>Oglas<\/p>\n","protected":false},"excerpt":{"rendered":"Judit Polgar na petem svetovnem \u0161ahovskem festivalu v Budimpe\u0161ti leta 2019. Foto: EPA Spremljajte RTVSLO.si kot prednostni vir&hellip;\n","protected":false},"author":2,"featured_media":164832,"comment_status":"","ping_status":"","sticky":false,"template":"","format":"standard","meta":{"footnotes":"","_share_on_mastodon":"0"},"categories":[3],"tags":[65,66,42897,74,22471,15233,37,38,31821],"class_list":["post-164831","post","type-post","status-publish","format-standard","has-post-thumbnail","category-evropa","tag-europe","tag-evropa","tag-judit-polgar","tag-madzarska","tag-magyar","tag-predsednica-drzave","tag-slovene","tag-slovenscina","tag-tamas-sulyok"],"share_on_mastodon":{"url":"https:\/\/pubeurope.com\/@si\/116951081854049116","error":""},"_links":{"self":[{"href":"https:\/\/www.europesays.com\/si\/wp-json\/wp\/v2\/posts\/164831","targetHints":{"allow":["GET"]}}],"collection":[{"href":"https:\/\/www.europesays.com\/si\/wp-json\/wp\/v2\/posts"}],"about":[{"href":"https:\/\/www.europesays.com\/si\/wp-json\/wp\/v2\/types\/post"}],"author":[{"embeddable":true,"href":"https:\/\/www.europesays.com\/si\/wp-json\/wp\/v2\/users\/2"}],"replies":[{"embeddable":true,"href":"https:\/\/www.europesays.com\/si\/wp-json\/wp\/v2\/comments?post=164831"}],"version-history":[{"count":0,"href":"https:\/\/www.europesays.com\/si\/wp-json\/wp\/v2\/posts\/164831\/revisions"}],"wp:featuredmedia":[{"embeddable":true,"href":"https:\/\/www.europesays.com\/si\/wp-json\/wp\/v2\/media\/164832"}],"wp:attachment":[{"href":"https:\/\/www.europesays.com\/si\/wp-json\/wp\/v2\/media?parent=164831"}],"wp:term":[{"taxonomy":"category","embeddable":true,"href":"https:\/\/www.europesays.com\/si\/wp-json\/wp\/v2\/categories?post=164831"},{"taxonomy":"post_tag","embeddable":true,"href":"https:\/\/www.europesays.com\/si\/wp-json\/wp\/v2\/tags?post=164831"}],"curies":[{"name":"wp","href":"https:\/\/api.w.org\/{rel}","templated":true}]}}