{"id":164860,"date":"2026-07-20T07:52:10","date_gmt":"2026-07-20T07:52:10","guid":{"rendered":"https:\/\/www.europesays.com\/si\/164860\/"},"modified":"2026-07-20T07:52:10","modified_gmt":"2026-07-20T07:52:10","slug":"evropa-nima-nacrta-za-pogajanja-z-rusijo-insajder-com","status":"publish","type":"post","link":"https:\/\/www.europesays.com\/si\/164860\/","title":{"rendered":"Evropa nima na\u010drta za pogajanja z Rusijo | Insajder.com"},"content":{"rendered":"<p>Evropske dr\u017eave \u0161e niso izbrale kandidata, ki bi vodil pogajanja z Rusijo, je poudaril predsednik In\u0161tituta za svetovno gospodarstvo in mednarodne odnose Ruske akademije znanosti (IMEMO RAN), akademik Aleksander Dynkin.<\/p>\n<p>\u00bbDanes so evropske dr\u017eave nedvoumno na strani Ukrajine. Zato, ko me vpra\u0161ajo, kak\u0161ne so mo\u017enosti za pogajanja z Evropo, re\u010dem: odprti smo za pogajanja, vendar morate oblikovati svoje predloge, ki se morajo resno razlikovati od maksimalisti\u010dnih zahtev Kijeva,\u00ab je dejal Dynkin.<\/p>\n<p dir=\"ltr\" lang=\"en\" xml:lang=\"en\">Professor Jeffrey D. Sachs: Von der Leyen will go down in history as the one who did most damage of any European leaders in history of Self Destruction. <a href=\"https:\/\/t.co\/BgW1CuFR29\" rel=\"nofollow\">pic.twitter.com\/BgW1CuFR29<\/a><\/p>\n<p>\u2014 Erik Magnethi (@ErikMagnethi) <a href=\"https:\/\/x.com\/ErikMagnethi\/status\/2077525681714442467?ref_src=twsrc%5Etfw\" rel=\"nofollow\">July 15, 2026<\/a><\/p>\n<p>Po njegovih besedah \u200b\u200bevropski predstavniki na to odgovarjajo, da \u0161e niso izbrali, kdo bo vodil pogajanja z rusko stranjo.<\/p>\n<p>Dynkin meni, da je tak\u0161na neodlo\u010dnost neposredna posledica dejstva, da je Evropa zadnjih 30 let \u017eivela kot \u00bbstrate\u0161ki slepi potnik\u00ab.<\/p>\n<p dir=\"ltr\" lang=\"en\" xml:lang=\"en\">The war must go on: NATO plans for no endgame<\/p>\n<p>The North Atlantic Treaty Organization\u2019s recent summit in Ankara has produced a decision that demands scrutiny. NATO member states have committed to providing Ukraine with military assistance worth \u20ac70 billion for 2026. This is not\u2026<\/p>\n<p>\u2014 Mats Nilsson (@mazzenilsson) <a href=\"https:\/\/x.com\/mazzenilsson\/status\/2078418537488540102?ref_src=twsrc%5Etfw\" rel=\"nofollow\">July 18, 2026<\/a><\/p>\n<p>\u00bbV Nem\u010diji so obrambni izdatki zna\u0161ali manj kot en odstotek BDP.<\/p>\n<p>Evropejci so po obdobju popu\u0161\u010danja napetosti prejeli tako imenovane mirovne dividende.<\/p>\n<p>Zaradi tega so evropske elite postale popolnoma spro\u0161\u010dene in neodlo\u010dne,\u00ab je zaklju\u010dil Dynkin.<\/p>\n<p><script async src=\"https:\/\/platform.twitter.com\/widgets.js\" charset=\"utf-8\"><\/script><\/p>\n","protected":false},"excerpt":{"rendered":"Evropske dr\u017eave \u0161e niso izbrale kandidata, ki bi vodil pogajanja z Rusijo, je poudaril predsednik In\u0161tituta za svetovno&hellip;\n","protected":false},"author":2,"featured_media":164861,"comment_status":"","ping_status":"","sticky":false,"template":"","format":"standard","meta":{"footnotes":"","_share_on_mastodon":"0"},"categories":[3],"tags":[65,66,37,38],"class_list":["post-164860","post","type-post","status-publish","format-standard","has-post-thumbnail","category-evropa","tag-europe","tag-evropa","tag-slovene","tag-slovenscina"],"share_on_mastodon":{"url":"https:\/\/pubeurope.com\/@si\/116951223049586479","error":""},"_links":{"self":[{"href":"https:\/\/www.europesays.com\/si\/wp-json\/wp\/v2\/posts\/164860","targetHints":{"allow":["GET"]}}],"collection":[{"href":"https:\/\/www.europesays.com\/si\/wp-json\/wp\/v2\/posts"}],"about":[{"href":"https:\/\/www.europesays.com\/si\/wp-json\/wp\/v2\/types\/post"}],"author":[{"embeddable":true,"href":"https:\/\/www.europesays.com\/si\/wp-json\/wp\/v2\/users\/2"}],"replies":[{"embeddable":true,"href":"https:\/\/www.europesays.com\/si\/wp-json\/wp\/v2\/comments?post=164860"}],"version-history":[{"count":0,"href":"https:\/\/www.europesays.com\/si\/wp-json\/wp\/v2\/posts\/164860\/revisions"}],"wp:featuredmedia":[{"embeddable":true,"href":"https:\/\/www.europesays.com\/si\/wp-json\/wp\/v2\/media\/164861"}],"wp:attachment":[{"href":"https:\/\/www.europesays.com\/si\/wp-json\/wp\/v2\/media?parent=164860"}],"wp:term":[{"taxonomy":"category","embeddable":true,"href":"https:\/\/www.europesays.com\/si\/wp-json\/wp\/v2\/categories?post=164860"},{"taxonomy":"post_tag","embeddable":true,"href":"https:\/\/www.europesays.com\/si\/wp-json\/wp\/v2\/tags?post=164860"}],"curies":[{"name":"wp","href":"https:\/\/api.w.org\/{rel}","templated":true}]}}