{"id":165067,"date":"2026-07-20T11:37:11","date_gmt":"2026-07-20T11:37:11","guid":{"rendered":"https:\/\/www.europesays.com\/si\/165067\/"},"modified":"2026-07-20T11:37:11","modified_gmt":"2026-07-20T11:37:11","slug":"minister-vrtovec-na-dopustu-zdaj-veste-kaj-je-moja-izbira-foto","status":"publish","type":"post","link":"https:\/\/www.europesays.com\/si\/165067\/","title":{"rendered":"Minister Vrtovec na dopustu: Zdaj veste, kaj je moja izbira (FOTO)"},"content":{"rendered":"<p>Poletje je \u010das, ko tudi politiki za nekaj dni odlo\u017eijo slu\u017ebene obveznosti in javnosti poka\u017eejo nekoliko bolj spro\u0161\u010deno plat svojega vsakdana. Med njimi je tudi minister za infrastrukturo in energetiko Jernej Vrtovec, ki je svoje sledilce na dru\u017ebenem omre\u017eju Instagram razveselil s po\u010ditni\u0161ko fotografijo z morja. Na posnetku minister sedi na vodnem skuterju, dru\u017ebo pa mu dela h\u010derka. Ob fotografiji je zapisal: \u00bbMorske radosti. Zdaj veste, kaj je moja izbira, \u010de sta na izbiro vodni skuter in gokart. Zgleda, da se ta strast do adrenalinskih podvigov prena\u0161a tudi na potomce. U\u017eivajte v poletnih dneh!\u00ab\u00a0\u010ceprav ni razkril, kje z dru\u017eino dopustuje, je iz fotografije razvidno, da si je privo\u0161\u010dil nekaj dni oddiha ob morju.\u00a0<\/p>\n<p>Vrtovec pa je v objavi razkrije \u0161e eno zanimivost o sebi. Med vodnim skuterjem in gokartom bi brez oklevanja izbral vodni skuter. Ob tem je v \u0161ali pripomnil, da se ljubezen do adrenalinskih podvigov o\u010ditno prena\u0161a tudi na mlaj\u0161o generacijo.<\/p>\n<p>Od ministrskih obveznosti do poletnega oddiha<\/p>\n<p>Poletje za Vrtovca prihaja po zelo dejavnem za\u010detku mandata. Junija je prevzel vodenje Ministrstva za infrastrukturo in energetiko, ob nastopu funkcije pa napovedal pospe\u0161itev klju\u010dnih infrastrukturnih in energetskih projektov, med katerimi izstopajo razvoj prometne infrastrukture, energetska varnost dr\u017eave ter nadaljevanje priprav na projekt drugega bloka Jedrske elektrarne Kr\u0161ko (JEK2).<\/p>\n<p>V zadnjih tednih je bil minister ve\u010dkrat na terenu. Po junijskih neurjih si je ogledal \u0161kodo na prizadetih obmo\u010djih in poudaril pomen \u010dim hitrej\u0161e sanacije prometne infrastrukture. Sredi julija pa je skupaj z \u017eupanjami in \u017eupani enajstih ob\u010din podpisal protokol za nadaljnji razvoj 3.a razvojne osi, s katerim \u017eeli dr\u017eava izbolj\u0161ati prometno povezanost in varnost na tem delu Slovenije. Ob vseh delovnih obveznostih zato ne presene\u010da, da si je minister v poletnih mesecih vzel nekaj \u010dasa tudi za dru\u017eino.<\/p>\n<p>\u00a0<\/p>\n<p>\u00a0<\/p>\n","protected":false},"excerpt":{"rendered":"Poletje je \u010das, ko tudi politiki za nekaj dni odlo\u017eijo slu\u017ebene obveznosti in javnosti poka\u017eejo nekoliko bolj spro\u0161\u010deno&hellip;\n","protected":false},"author":2,"featured_media":165068,"comment_status":"","ping_status":"","sticky":false,"template":"","format":"standard","meta":{"footnotes":"","_share_on_mastodon":"0"},"categories":[6],"tags":[8587,7182,2791,538,7187,59,61,62,37,58,60,38,488],"class_list":["post-165067","post","type-post","status-publish","format-standard","has-post-thumbnail","category-slovenija","tag-dopust","tag-jernej-vrtovec","tag-ministrstvo-za-infrastrukturo","tag-pocitnice","tag-poletje","tag-republic-of-slovenia","tag-republika-slovenija","tag-si","tag-slovene","tag-slovenia","tag-slovenija","tag-slovenscina","tag-turizem"],"share_on_mastodon":{"url":"https:\/\/pubeurope.com\/@si\/116952107783461782","error":""},"_links":{"self":[{"href":"https:\/\/www.europesays.com\/si\/wp-json\/wp\/v2\/posts\/165067","targetHints":{"allow":["GET"]}}],"collection":[{"href":"https:\/\/www.europesays.com\/si\/wp-json\/wp\/v2\/posts"}],"about":[{"href":"https:\/\/www.europesays.com\/si\/wp-json\/wp\/v2\/types\/post"}],"author":[{"embeddable":true,"href":"https:\/\/www.europesays.com\/si\/wp-json\/wp\/v2\/users\/2"}],"replies":[{"embeddable":true,"href":"https:\/\/www.europesays.com\/si\/wp-json\/wp\/v2\/comments?post=165067"}],"version-history":[{"count":0,"href":"https:\/\/www.europesays.com\/si\/wp-json\/wp\/v2\/posts\/165067\/revisions"}],"wp:featuredmedia":[{"embeddable":true,"href":"https:\/\/www.europesays.com\/si\/wp-json\/wp\/v2\/media\/165068"}],"wp:attachment":[{"href":"https:\/\/www.europesays.com\/si\/wp-json\/wp\/v2\/media?parent=165067"}],"wp:term":[{"taxonomy":"category","embeddable":true,"href":"https:\/\/www.europesays.com\/si\/wp-json\/wp\/v2\/categories?post=165067"},{"taxonomy":"post_tag","embeddable":true,"href":"https:\/\/www.europesays.com\/si\/wp-json\/wp\/v2\/tags?post=165067"}],"curies":[{"name":"wp","href":"https:\/\/api.w.org\/{rel}","templated":true}]}}