{"id":165185,"date":"2026-07-20T13:59:14","date_gmt":"2026-07-20T13:59:14","guid":{"rendered":"https:\/\/www.europesays.com\/si\/165185\/"},"modified":"2026-07-20T13:59:14","modified_gmt":"2026-07-20T13:59:14","slug":"bruselj-aliexpressu-zaradi-vec-krsitev-akta-o-digitalnih-storitvah-nalozil-550-milijonsko-kazen","status":"publish","type":"post","link":"https:\/\/www.europesays.com\/si\/165185\/","title":{"rendered":"Bruselj AliExpressu zaradi ve\u010d kr\u0161itev akta o digitalnih storitvah nalo\u017eil 550-milijonsko kazen"},"content":{"rendered":"<p>\t\t\t\t\t\t\t\t<a href=\"https:\/\/www.europesays.com\/si\/wp-content\/uploads\/2026\/07\/67062728.jpg\" itemprop=\"contentUrl\" data-size=\"1200x800\" data-large=\"https:\/\/www.europesays.com\/si\/wp-content\/uploads\/2026\/07\/67062728.jpg\"><br \/>\n\t\t\t\t\t\t\t\t\t<img decoding=\"async\" src=\"https:\/\/www.europesays.com\/si\/wp-content\/uploads\/2026\/07\/67062728.jpg\" title=\"Fotografija je simboli\u010dna. Foto: Shutterstock\" alt=\"Fotografija je simboli\u010dna. Foto: Shutterstock\"\/><br \/>\n\t\t\t\t\t\t\t\t<\/a><\/p>\n<p>\t\t\t\t\t\t\t\t\tFotografija je simboli\u010dna. Foto: Shutterstock<\/p>\n<p>\t\t\t\t\t\t\t<a id=\"preferredSourceBanner\" href=\"#\" target=\"_blank\" class=\"d-none align-items-center justify-content-between rounded my-3\" style=\"background-color: #F2F6FC; padding: 10px 15px;\"><br \/>\n\t\t\t\t\t\t<img decoding=\"async\" src=\"https:\/\/img.rtvslo.si\/_static\/novi\/img\/ico-google.svg\" class=\"flex-shrink-0 mr-3\" aria-hidden=\"true\"\/><br \/>\n\t\t\t\t\t\tSpremljajte RTVSLO.si kot prednostni vir na Google<\/p>\n<p>\t\t\t\t\t<\/a><\/p>\n<p>Kot so sporo\u010dili iz Evropske komisije, AliExpress ni izpolnil svoje obveznosti v skladu z aktom o digitalnih storitvah, da skrbno oceni tveganje \u0161irjenja nezakonitih, nevarnih ali ponarejenih izdelkov prek svoje spletne trgovine.<\/p>\n<p>Oglas<\/p>\n<p>Pri AliExpressu tako niso ustrezno ocenili, ali imajo dovolj osebja za pregled morebitnih nezakonitih izdelkov, pri ocenah tveganj za pojav tak\u0161nih izdelkov v trgovini pa so manjkali kvantitativni kazalniki.<\/p>\n<p>Pri spletnem trgovcu prav tako niso ustrezno ocenili, kako njegovi sistemi priporo\u010dil in ogla\u0161evanja pospe\u0161ujejo \u0161irjenje nezakonitih izdelkov. Testiranje Evropske komisije je pokazalo, da so bili \u0161tevilni nezakoniti izdelki potro\u0161nikom priporo\u010deni ali ogla\u0161evani, preden so bili dejansko odstranjeni.<\/p>\n<p>Po ugotovitvah Bruslja AliExpress obenem ni sprejel u\u010dinkovitih ukrepov za zmanj\u0161anje tveganja \u0161irjenja nezakonitih izdelkov.<\/p>\n<p>Med drugim sistem spletnega trgovca za odkrivanje nezakonitih izdelkov ni deloval pravilno. V spletni trgovini je tako kro\u017eilo veliko nezakonitih izdelkov, od ponaredkov do nevarnih igra\u010d in kozmeti\u010dnih izdelkov, ki so ostali na voljo na spletu \u0161e ve\u010d tednov, tudi \u010de so bili odkriti, so pojasnili v Komisiji.<\/p>\n<p>AliExpress obenem ni ustrezno izvajal svoje politike kaznovanja prodajalcev, ki prodajajo nezakonite izdelke. Tako so trgovine, ki so prodajale nezakonite izdelke, lahko kljub kaznovanju \u0161e naprej delovale na platformi AliExpress.<\/p>\n<p>Preverjanje skladnosti izdelkov na AliExpressu je bilo mogo\u010de zlahka zaobiti z napa\u010dno kategorizacijo izdelkov, kitajski spletni trgovec pa je bil prav tako neu\u010dinkovit pri prepre\u010devanju \u0161irjenja ponarejenih izdelkov.<\/p>\n<p>Evropska komisija je na podlagi navedenih ugotovitev AliExpressu nalo\u017eila pla\u010dilo 550 milijonov evrov te\u017eke kazni. Kot so pojasnili, je bila pri dolo\u010ditvi vi\u0161ine globe upo\u0161tevana narava kr\u0161itev, njihova resnost z vidika prizadetih uporabnikov v EU-ju ter njihovo trajanje, ki se je nadaljevalo najmanj do junija 2025.<\/p>\n<p>AliExpress ima zdaj do 20. oktobra letos \u010das, da Evropski komisiji predlo\u017ei akcijski na\u010drt z ukrepi za odpravo kr\u0161itev obveznosti ocenjevanja in zmanj\u0161evanja sistemskih tveganj. Komisija bo nato v dveh mesecih podala svoje mnenje in dolo\u010dila razumen rok za izvedbo na\u010drta, so \u0161e pojasnili v Komisiji.<\/p>\n<p>Pri AliExpressu so kriti\u010dni do globe, ki je po njihovem prepri\u010danju &#8220;nesorazmerna&#8221;. &#8220;Ne strinjamo se z dana\u0161njo odlo\u010ditvijo in nesorazmerno globo, ki ne izra\u017ea ustrezno na\u0161ega vzpostavljenega okvira in pomembnih, proaktivnih izbolj\u0161av, ki smo jih uvedli,&#8221; so sporo\u010dili iz podjetja.<\/p>\n<p>Kot so pojasnili, odlo\u010ditev Evropske komisije natan\u010dno preu\u010dujejo in razmi\u0161ljajo o &#8220;vseh razpolo\u017eljivih mo\u017enostih&#8221;.<\/p>\n<p>Oglas<\/p>\n","protected":false},"excerpt":{"rendered":"Fotografija je simboli\u010dna. Foto: Shutterstock Spremljajte RTVSLO.si kot prednostni vir na Google Kot so sporo\u010dili iz Evropske komisije,&hellip;\n","protected":false},"author":2,"featured_media":165186,"comment_status":"","ping_status":"","sticky":false,"template":"","format":"standard","meta":{"footnotes":"","_share_on_mastodon":"0"},"categories":[10],"tags":[34505,81,1483,82,499,5129,30957,84,83,62,37,58,60,38],"class_list":["post-165185","post","type-post","status-publish","format-standard","has-post-thumbnail","category-poslovni-svet","tag-aliexpress","tag-business","tag-digitalne-storitve","tag-economic","tag-evropska-komisija","tag-globa","tag-nezakoniti-izdelki","tag-poslovni","tag-poslovni-svet","tag-si","tag-slovene","tag-slovenia","tag-slovenija","tag-slovenscina"],"share_on_mastodon":{"url":"https:\/\/pubeurope.com\/@si\/116952666375801125","error":""},"_links":{"self":[{"href":"https:\/\/www.europesays.com\/si\/wp-json\/wp\/v2\/posts\/165185","targetHints":{"allow":["GET"]}}],"collection":[{"href":"https:\/\/www.europesays.com\/si\/wp-json\/wp\/v2\/posts"}],"about":[{"href":"https:\/\/www.europesays.com\/si\/wp-json\/wp\/v2\/types\/post"}],"author":[{"embeddable":true,"href":"https:\/\/www.europesays.com\/si\/wp-json\/wp\/v2\/users\/2"}],"replies":[{"embeddable":true,"href":"https:\/\/www.europesays.com\/si\/wp-json\/wp\/v2\/comments?post=165185"}],"version-history":[{"count":0,"href":"https:\/\/www.europesays.com\/si\/wp-json\/wp\/v2\/posts\/165185\/revisions"}],"wp:featuredmedia":[{"embeddable":true,"href":"https:\/\/www.europesays.com\/si\/wp-json\/wp\/v2\/media\/165186"}],"wp:attachment":[{"href":"https:\/\/www.europesays.com\/si\/wp-json\/wp\/v2\/media?parent=165185"}],"wp:term":[{"taxonomy":"category","embeddable":true,"href":"https:\/\/www.europesays.com\/si\/wp-json\/wp\/v2\/categories?post=165185"},{"taxonomy":"post_tag","embeddable":true,"href":"https:\/\/www.europesays.com\/si\/wp-json\/wp\/v2\/tags?post=165185"}],"curies":[{"name":"wp","href":"https:\/\/api.w.org\/{rel}","templated":true}]}}