{"id":165328,"date":"2026-07-20T16:51:15","date_gmt":"2026-07-20T16:51:15","guid":{"rendered":"https:\/\/www.europesays.com\/si\/165328\/"},"modified":"2026-07-20T16:51:15","modified_gmt":"2026-07-20T16:51:15","slug":"irska-dviguje-starostno-mejo-za-voznike-elektricnih-skirojev-na-18-let","status":"publish","type":"post","link":"https:\/\/www.europesays.com\/si\/165328\/","title":{"rendered":"Irska dviguje starostno mejo za voznike elektri\u010dnih skirojev na 18 let"},"content":{"rendered":"<p>\t\t\t\t\t\t\t\t<a href=\"https:\/\/www.europesays.com\/si\/wp-content\/uploads\/2026\/07\/67062798.jpg\" itemprop=\"contentUrl\" data-size=\"1200x800\" data-large=\"https:\/\/www.europesays.com\/si\/wp-content\/uploads\/2026\/07\/67062798.jpg\"><br \/>\n\t\t\t\t\t\t\t\t\t<img decoding=\"async\" src=\"https:\/\/www.europesays.com\/si\/wp-content\/uploads\/2026\/07\/67062798.jpg\" title=\"Vlada v Dublinu za zdaj ni uvedla popolne prepovedi elektri\u010dnih skirojev, vendar ta mo\u017enost ostaja odprta. Foto: Shutterstock\" alt=\"Vlada v Dublinu za zdaj ni uvedla popolne prepovedi elektri\u010dnih skirojev, vendar ta mo\u017enost ostaja odprta. Foto: Shutterstock\"\/><br \/>\n\t\t\t\t\t\t\t\t<\/a><\/p>\n<p>\t\t\t\t\t\t\t\t\tVlada v Dublinu za zdaj ni uvedla popolne prepovedi elektri\u010dnih skirojev, vendar ta mo\u017enost ostaja odprta. Foto: Shutterstock<\/p>\n<p>\t\t\t\t\t\t\t<a id=\"preferredSourceBanner\" href=\"#\" target=\"_blank\" class=\"d-none align-items-center justify-content-between rounded my-3\" style=\"background-color: #F2F6FC; padding: 10px 15px;\"><br \/>\n\t\t\t\t\t\t<img decoding=\"async\" src=\"https:\/\/img.rtvslo.si\/_static\/novi\/img\/ico-google.svg\" class=\"flex-shrink-0 mr-3\" aria-hidden=\"true\"\/><br \/>\n\t\t\t\t\t\tSpremljajte RTVSLO.si kot prednostni vir na Google<\/p>\n<p>\t\t\t\t\t<\/a><\/p>\n<p>Irska se je tako pridru\u017eila ve\u010d drugim evropskim dr\u017eavam in mestom, ki zaostrujejo predpise glede vse bolj raz\u0161irjene uporabe elektri\u010dnih skirojev zaradi nara\u0161\u010dajo\u010dega \u0161tevila nesre\u010d, zlasti med otroki.<\/p>\n<p>Oglas<\/p>\n<p>Po podatkih organizacije Children&#8217;s Health Ireland (CHI), ki zagotavlja vse nacionalne pediatri\u010dne zdravstvene storitve, se je \u0161tevilo sprejemov otrok in mladostnikov zaradi travmatskih po\u0161kodb mo\u017eganov, nastalih v nesre\u010dah z elektri\u010dnimi skiroji, v zadnjih 12 mesecih pove\u010dalo za 50 odstotkov.<\/p>\n<p>CHI ocenjuje, da letos poleti na urgentnih oddelkih zaradi po\u0161kodb z elektri\u010dnimi skiroji vsak dan sprejmejo od enega do dva otroka.<\/p>\n<p>Premier Martin je poslancem prej\u0161nji teden dejal, da se nagiba k popolni prepovedi elektri\u010dnih skirojev. Tak\u0161no mo\u017enost je odlo\u010dno podprl tudi vodja irske policije, ki je dodal, da se elektri\u010dni skiroji uporabljajo tudi za la\u017eje preprodajanje mamil in za &#8220;ustrahovanje&#8221; krajevnih skupnosti.<\/p>\n<p>\u0160tevilo policijskih operacij, povezanih z elektri\u010dnimi skiroji, se je letos ob\u010dutno pove\u010dalo in doslej je bilo zase\u017eenih 1412 elektri\u010dnih skirojev.<\/p>\n<p>Vlada v izjavi poudarja, da mo\u017enost popolne prepovedi ostaja odprta. Med drugimi za zdaj sprejetimi ukrepi so \u0161e obvezno no\u0161enje odsevnih jopi\u010dev ter prepoved prodaje elektri\u010dnih skirojev, ki lahko presegajo zakonsko dolo\u010deno najvi\u0161jo hitrost 20 kilometrov na uro.<\/p>\n<p>\t\t\t\t\t\t\t\t<a href=\"https:\/\/www.europesays.com\/si\/wp-content\/uploads\/2026\/07\/67062814.jpg\" itemprop=\"contentUrl\" data-size=\"1200x800\" data-large=\"https:\/\/www.europesays.com\/si\/wp-content\/uploads\/2026\/07\/67062814.jpg\"><br \/>\n\t\t\t\t\t\t\t\t\t<img decoding=\"async\" src=\"https:\/\/www.europesays.com\/si\/wp-content\/uploads\/2026\/07\/67062814.jpg\" title=\"Z novim sistemom dovoljenj \u017eeli vlada olaj\u0161ati nadzor, saj bo omogo\u010dil sledljivost nakupov in identifikacijo voznikov. Foto: Reuters\" alt=\"Z novim sistemom dovoljenj \u017eeli vlada olaj\u0161ati nadzor, saj bo omogo\u010dil sledljivost nakupov in identifikacijo voznikov. Foto: Reuters\"\/><br \/>\n\t\t\t\t\t\t\t\t<\/a><\/p>\n<p>\t\t\t\t\t\t\t\t\tZ novim sistemom dovoljenj \u017eeli vlada olaj\u0161ati nadzor, saj bo omogo\u010dil sledljivost nakupov in identifikacijo voznikov. Foto: Reuters<\/p>\n<p>Po besedah premierja so vsi predlogi zasnovani tako, da prinesejo spremembe tako pri uporabi elektri\u010dnih skirojev kot tudi pri izbolj\u0161anju varnosti v njihovi bli\u017eini.<\/p>\n<p>Specialistka intenzivne medicine Suzanne Crowe, ki deluje v eni glavnih otro\u0161kih bolni\u0161nic v Dublinu, je dejala, da bosta klju\u010dna predvsem u\u010dinkovito izvajanje novih pravil in nadzor nad njimi.<\/p>\n<p>&#8220;Vsekakor bi si \u017eelela, da bi ukrepe po nekaj mesecih ponovno ocenili. \u010ce se \u0161tevilo po\u0161kodb do takrat ne bo zmanj\u0161alo, bo po mojem mnenju treba resno razmisliti o popolni prepovedi,&#8221; je povedala za irsko nacionalno radiotelevizijo RTE.<\/p>\n<p>RTE poro\u010da, da bo pozneje letos sprejeta zakonodaja, ki bo elektri\u010dne skiroje uvrstila med vozila na mehanski pogon, za katera sta potrebna dovoljenje in registracija.<\/p>\n<p>&#8220;Sedemnajstletniki lahko vozijo avtomobil, elektri\u010dnega skiroja pa ne&#8221;<\/p>\n<p>Po drugi strani del politikov in organizacije, ki zastopajo dnevne migrante, opozarjajo, da bi popolna prepoved kaznovala tudi odgovorne uporabnike. Po njihovem mnenju bi morala dr\u017eava najprej dosledno uveljaviti \u017ee veljavna pravila.<\/p>\n<p>Poslanec Paul Murphy iz levega zavezni\u0161tva Ljudje pred dobi\u010dkom je pozval k stro\u017ejemu izvr\u0161evanju prepovedi uporabe elektri\u010dnih skirojev za mlaj\u0161e od 16 let in k stro\u017ejemu nadzoru nad izogibanjem najve\u010djim dovoljenim hitrostim.<\/p>\n<p>\t\t\t\t\t\t\t\t<a href=\"https:\/\/www.europesays.com\/si\/wp-content\/uploads\/2026\/07\/67062822.jpg\" itemprop=\"contentUrl\" data-size=\"1200x800\" data-large=\"https:\/\/www.europesays.com\/si\/wp-content\/uploads\/2026\/07\/67062822.jpg\"><br \/>\n\t\t\t\t\t\t\t\t\t<img decoding=\"async\" src=\"https:\/\/www.europesays.com\/si\/wp-content\/uploads\/2026\/07\/67062822.jpg\" title=\"Uporaba elektri\u010dnih skirojev se je mo\u010dno raz\u0161irila v mestih po vsem svetu. Foto: EPA\" alt=\"Uporaba elektri\u010dnih skirojev se je mo\u010dno raz\u0161irila v mestih po vsem svetu. Foto: EPA\"\/><br \/>\n\t\t\t\t\t\t\t\t<\/a><\/p>\n<p>\t\t\t\t\t\t\t\t\tUporaba elektri\u010dnih skirojev se je mo\u010dno raz\u0161irila v mestih po vsem svetu. Foto: EPA<\/p>\n<p>&#8220;Ocenjuje se, da se vsak 25. odrasli najmanj enkrat na mesec vozi z elektri\u010dnim skirojem. Gre za cenovno dostopen in okoljsko trajnosten na\u010din prevoza, ki ga ne bi smeli prehitro prepovedati,&#8221; je Murphy dejal za RTE.<\/p>\n<p>Kot je poudaril, lahko sedemnajstletniki zakonito vozijo avtomobil, &#8220;vlada pa zdaj pravi, da ne bodo mogli voziti elektri\u010dnega skiroja&#8221;. &#8220;Uporaba elektri\u010dnih skirojev je \u017ee zdaj nezakonita za mlaj\u0161e od 16 let, vendar sta kljub temu tr\u017eenje in prodaja elektri\u010dnih skirojev mlaj\u0161im od 16 let pogosta,&#8221; je \u0161e pojasnil in se zavzel, da bi prepovedali ogla\u0161evanje in prodajo elektri\u010dnih skirojev mlaj\u0161im od 16 let.<\/p>\n<p>Irski minister za promet Sean Canney je dejal, da prodaja in nakup elektri\u010dnih skirojev ta hip nista evidentirana, zato bo predlagana zakonodaja o obveznem dovoljenju policiji omogo\u010dila pridobitev podatkov o starosti voznikov elektri\u010dnih skirojev.<\/p>\n<p>Pojasnil je, da je veljavne predpise te\u017eko u\u010dinkovito izvajati, &#8220;\u010de ne veste, kdo je kupil elektri\u010dni skiro, kje ga je kupil in za kak\u0161en namen se uporablja&#8221;.<\/p>\n<p>Oglas<\/p>\n","protected":false},"excerpt":{"rendered":"Vlada v Dublinu za zdaj ni uvedla popolne prepovedi elektri\u010dnih skirojev, vendar ta mo\u017enost ostaja odprta. Foto: Shutterstock&hellip;\n","protected":false},"author":2,"featured_media":165329,"comment_status":"","ping_status":"","sticky":false,"template":"","format":"standard","meta":{"footnotes":"","_share_on_mastodon":"0"},"categories":[3],"tags":[8488,65,66,3393,37,38,4712],"class_list":["post-165328","post","type-post","status-publish","format-standard","has-post-thumbnail","category-evropa","tag-elektricni-skiroji","tag-europe","tag-evropa","tag-irska","tag-slovene","tag-slovenscina","tag-starostna-omejitev"],"share_on_mastodon":{"url":"https:\/\/pubeurope.com\/@si\/116953342931751730","error":""},"_links":{"self":[{"href":"https:\/\/www.europesays.com\/si\/wp-json\/wp\/v2\/posts\/165328","targetHints":{"allow":["GET"]}}],"collection":[{"href":"https:\/\/www.europesays.com\/si\/wp-json\/wp\/v2\/posts"}],"about":[{"href":"https:\/\/www.europesays.com\/si\/wp-json\/wp\/v2\/types\/post"}],"author":[{"embeddable":true,"href":"https:\/\/www.europesays.com\/si\/wp-json\/wp\/v2\/users\/2"}],"replies":[{"embeddable":true,"href":"https:\/\/www.europesays.com\/si\/wp-json\/wp\/v2\/comments?post=165328"}],"version-history":[{"count":0,"href":"https:\/\/www.europesays.com\/si\/wp-json\/wp\/v2\/posts\/165328\/revisions"}],"wp:featuredmedia":[{"embeddable":true,"href":"https:\/\/www.europesays.com\/si\/wp-json\/wp\/v2\/media\/165329"}],"wp:attachment":[{"href":"https:\/\/www.europesays.com\/si\/wp-json\/wp\/v2\/media?parent=165328"}],"wp:term":[{"taxonomy":"category","embeddable":true,"href":"https:\/\/www.europesays.com\/si\/wp-json\/wp\/v2\/categories?post=165328"},{"taxonomy":"post_tag","embeddable":true,"href":"https:\/\/www.europesays.com\/si\/wp-json\/wp\/v2\/tags?post=165328"}],"curies":[{"name":"wp","href":"https:\/\/api.w.org\/{rel}","templated":true}]}}