{"id":165480,"date":"2026-07-20T20:51:12","date_gmt":"2026-07-20T20:51:12","guid":{"rendered":"https:\/\/www.europesays.com\/si\/165480\/"},"modified":"2026-07-20T20:51:12","modified_gmt":"2026-07-20T20:51:12","slug":"sahistka-polgar-zavrnila-kandidaturo-za-predsednico-ne-morem-poenotiti-razdeljenega-naroda","status":"publish","type":"post","link":"https:\/\/www.europesays.com\/si\/165480\/","title":{"rendered":"\u0160ahistka Polgar zavrnila kandidaturo za predsednico: Ne morem poenotiti razdeljenega naroda"},"content":{"rendered":"<p>\t\t\t\t\t\t\t\t<a href=\"https:\/\/www.europesays.com\/si\/wp-content\/uploads\/2026\/07\/67062835.jpg\" itemprop=\"contentUrl\" data-size=\"1200x800\" data-large=\"https:\/\/www.europesays.com\/si\/wp-content\/uploads\/2026\/07\/67062835.jpg\"><br \/>\n\t\t\t\t\t\t\t\t\t<img decoding=\"async\" src=\"https:\/\/www.europesays.com\/si\/wp-content\/uploads\/2026\/07\/67062835.jpg\" title=\"Foto: Reuters\" alt=\"Foto: Reuters\"\/><br \/>\n\t\t\t\t\t\t\t\t<\/a><\/p>\n<p>\t\t\t\t\t\t\t\t\tFoto: Reuters<\/p>\n<p>\t\t\t\t\t\t\t<a id=\"preferredSourceBanner\" href=\"#\" target=\"_blank\" class=\"d-none align-items-center justify-content-between rounded my-3\" style=\"background-color: #F2F6FC; padding: 10px 15px;\"><br \/>\n\t\t\t\t\t\t<img decoding=\"async\" src=\"https:\/\/img.rtvslo.si\/_static\/novi\/img\/ico-google.svg\" class=\"flex-shrink-0 mr-3\" aria-hidden=\"true\"\/><br \/>\n\t\t\t\t\t\tSpremljajte RTVSLO.si kot prednostni vir na Google<\/p>\n<p>\t\t\t\t\t<\/a><\/p>\n<p>Da bo Polgar predlagal za novo mad\u017earsko predsednico, je Magyar naznanil v nedeljo. Pri tem je poleg njenih \u0161tevilnih dose\u017ekov poudaril, da gre za osebo, ki ne prihaja iz sveta politike in bi kot taka lahko prispevala k izpolnitvi obljube o spremembi re\u017eima po 16 letih vladavine premierja Viktorja Orbana.<\/p>\n<p>Oglas<\/p>\n<p>&#8220;\u017de desetletja je ime Judit Polgar sinonim za talent in vztrajnost,&#8221; je na dru\u017ebenih omre\u017ejih zapisal Magyar in med drugim navedel \u0161tevilne dose\u017eke \u0161ahovske velemojstrice.<\/p>\n<p>&#8220;Spo\u0161tovanje, ki jo obdaja, ne izhaja iz politi\u010dne pripadnosti ali povezav, temve\u010d iz njenega izjemnega talenta, prizadevnosti, neprimerljive vztrajnosti in integritete. (&#8230;) Osebno bi mi bilo v veliko \u010dast, \u010de bi nominacijo sprejela,&#8221; je \u0161e dejal.<\/p>\n<p>Pri tem je poudaril, da Mad\u017earska potrebuje enotnost, mir in predsednico, na katero bo lahko ponosen vsak Mad\u017ear. &#8220;Predsedni\u0161ki mandat ni slu\u017eba ali delovno mesto, temve\u010d najvi\u0161ja oblika slu\u017eenja. Dol\u017enost predsednika je, da slu\u017ei in zastopa vsakega Mad\u017eara,&#8221; je \u0161e dodal.<\/p>\n<p>Polgar ne more sprejeti povabila<\/p>\n<p>A danes je Polgar ponudbo zavrnila. &#8220;Ne \u010dutim, da bi imela dovolj mo\u010di, da sprejmem zgodovinsko odgovornost za poenotenje razdeljenega naroda, tako da ne morem sprejeti povabila,&#8221; je objavila na dru\u017ebenih omre\u017ejih.<\/p>\n<p>Kot je dodala, pa bo storila vse, kar je v njeni mo\u010di, da podpre &#8220;novega, neodvisnega in spo\u0161tovanega predsednika republike pri doseganju teh ciljev&#8221;.<\/p>\n<p>\t\t\t\t\t\t\t\t<a href=\"https:\/\/www.europesays.com\/si\/wp-content\/uploads\/2026\/07\/1784580672_621_67062668.jpg\" itemprop=\"contentUrl\" data-size=\"1200x800\" data-large=\"https:\/\/www.europesays.com\/si\/wp-content\/uploads\/2026\/07\/1784580672_621_67062668.jpg\"><br \/>\n\t\t\t\t\t\t\t\t\t<img decoding=\"async\" src=\"https:\/\/www.europesays.com\/si\/wp-content\/uploads\/2026\/07\/1784580672_621_67062668.jpg\" title=\"Judit Polgar na petem svetovnem \u0161ahovskem festivalu v Budimpe\u0161ti leta 2019. Foto: EPA\" alt=\"Judit Polgar na petem svetovnem \u0161ahovskem festivalu v Budimpe\u0161ti leta 2019. Foto: EPA\"\/><br \/>\n\t\t\t\t\t\t\t\t<\/a><\/p>\n<p>\t\t\t\t\t\t\t\t\tJudit Polgar na petem svetovnem \u0161ahovskem festivalu v Budimpe\u0161ti leta 2019. Foto: EPA<\/p>\n<p>Polgar, ki bo v \u010detrtek dopolnila 50 let, je bila do upokojitve leta 2024 kar 25 let vodilna \u0161ahistka na svetu. Med Mad\u017eari u\u017eiva \u0161iroko spo\u0161tovanje in ne velja za mo\u010dno povezano s katero koli stranko.<\/p>\n<p>Ni \u0161e jasno, koga bo Magyar zdaj predlagal za predsednika, je pa v dana\u0161njem nagovoru v parlamentu Mad\u017eare pozval, naj podajo svoje predloge.<\/p>\n<p>Magyar mora kandidata predlagati po tem, ko je dozdaj\u0161nji predsednik Tamas Sulyok podpisal ustavni amandma, ki ga je parlament pred kratkim sprejel v okviru sve\u017enja ustavnih sprememb, s \u010dimer se kon\u010duje njegov mandat.<\/p>\n<p>Predsednika dr\u017eave sicer izvoli mad\u017earski parlament, v katerem ima Magyarjeva stranka Tisza dvotretjinsko ve\u010dino.<\/p>\n<p>Oglas<\/p>\n","protected":false},"excerpt":{"rendered":"Foto: Reuters Spremljajte RTVSLO.si kot prednostni vir na Google Da bo Polgar predlagal za novo mad\u017earsko predsednico, je&hellip;\n","protected":false},"author":2,"featured_media":165481,"comment_status":"","ping_status":"","sticky":false,"template":"","format":"standard","meta":{"footnotes":"","_share_on_mastodon":"0"},"categories":[3],"tags":[65,66,42897,74,22471,15233,37,38,31821],"class_list":["post-165480","post","type-post","status-publish","format-standard","has-post-thumbnail","category-evropa","tag-europe","tag-evropa","tag-judit-polgar","tag-madzarska","tag-magyar","tag-predsednica-drzave","tag-slovene","tag-slovenscina","tag-tamas-sulyok"],"share_on_mastodon":{"url":"https:\/\/pubeurope.com\/@si\/116954286683408925","error":""},"_links":{"self":[{"href":"https:\/\/www.europesays.com\/si\/wp-json\/wp\/v2\/posts\/165480","targetHints":{"allow":["GET"]}}],"collection":[{"href":"https:\/\/www.europesays.com\/si\/wp-json\/wp\/v2\/posts"}],"about":[{"href":"https:\/\/www.europesays.com\/si\/wp-json\/wp\/v2\/types\/post"}],"author":[{"embeddable":true,"href":"https:\/\/www.europesays.com\/si\/wp-json\/wp\/v2\/users\/2"}],"replies":[{"embeddable":true,"href":"https:\/\/www.europesays.com\/si\/wp-json\/wp\/v2\/comments?post=165480"}],"version-history":[{"count":0,"href":"https:\/\/www.europesays.com\/si\/wp-json\/wp\/v2\/posts\/165480\/revisions"}],"wp:featuredmedia":[{"embeddable":true,"href":"https:\/\/www.europesays.com\/si\/wp-json\/wp\/v2\/media\/165481"}],"wp:attachment":[{"href":"https:\/\/www.europesays.com\/si\/wp-json\/wp\/v2\/media?parent=165480"}],"wp:term":[{"taxonomy":"category","embeddable":true,"href":"https:\/\/www.europesays.com\/si\/wp-json\/wp\/v2\/categories?post=165480"},{"taxonomy":"post_tag","embeddable":true,"href":"https:\/\/www.europesays.com\/si\/wp-json\/wp\/v2\/tags?post=165480"}],"curies":[{"name":"wp","href":"https:\/\/api.w.org\/{rel}","templated":true}]}}