{"id":165610,"date":"2026-07-21T01:05:15","date_gmt":"2026-07-21T01:05:15","guid":{"rendered":"https:\/\/www.europesays.com\/si\/165610\/"},"modified":"2026-07-21T01:05:15","modified_gmt":"2026-07-21T01:05:15","slug":"obsezen-pozar-severno-od-madrida-spanija-se-pripravlja-na-tretji-vrocinski-val","status":"publish","type":"post","link":"https:\/\/www.europesays.com\/si\/165610\/","title":{"rendered":"Obse\u017een po\u017ear severno od Madrida, \u0160panija se pripravlja na tretji vro\u010dinski val"},"content":{"rendered":"<p>\t\t\t\t\t\t\t\t<a href=\"https:\/\/www.europesays.com\/si\/wp-content\/uploads\/2026\/07\/67062535.jpg\" itemprop=\"contentUrl\" data-size=\"1200x800\" data-large=\"https:\/\/www.europesays.com\/si\/wp-content\/uploads\/2026\/07\/67062535.jpg\"><br \/>\n\t\t\t\t\t\t\t\t\t<img decoding=\"async\" src=\"https:\/\/www.europesays.com\/si\/wp-content\/uploads\/2026\/07\/67062535.jpg\" title=\"V boju z ognjenimi zublji pomagajo tudi letala za ga\u0161enje. Foto: EPA\" alt=\"V boju z ognjenimi zublji pomagajo tudi letala za ga\u0161enje. Foto: EPA\"\/><br \/>\n\t\t\t\t\t\t\t\t<\/a><\/p>\n<p>\t\t\t\t\t\t\t\t\tV boju z ognjenimi zublji pomagajo tudi letala za ga\u0161enje. Foto: EPA<\/p>\n<p>\t\t\t\t\t\t\t<a id=\"preferredSourceBanner\" href=\"#\" target=\"_blank\" class=\"d-none align-items-center justify-content-between rounded my-3\" style=\"background-color: #F2F6FC; padding: 10px 15px;\"><br \/>\n\t\t\t\t\t\t<img decoding=\"async\" src=\"https:\/\/img.rtvslo.si\/_static\/novi\/img\/ico-google.svg\" class=\"flex-shrink-0 mr-3\" aria-hidden=\"true\"\/><br \/>\n\t\t\t\t\t\tSpremljajte RTVSLO.si kot prednostni vir na Google<\/p>\n<p>\t\t\t\t\t<\/a><\/p>\n<p>Po\u017ear je izbruhnil v pokrajini Guadalajara, kjer le\u017ei tudi nacionalni park Sierra Norte, in doslej ni zahteval \u017ertev. Predsednik regije Kastilja-La Mancha Emiliano Garcia-Page ga je sicer na omre\u017eju X opisal kot &#8220;te\u017eavnega&#8221;.<\/p>\n<p>Oglas<\/p>\n<p>Iz slu\u017ebe za prepre\u010devanje in ga\u0161enje po\u017earov v tej pokrajini v osrednji \u0160paniji so sporo\u010dili, da je po\u017ear v vasi La Mierla v Guadalajari uni\u010dil 13.000 hektarjev zemlji\u0161\u010d in prizadel ve\u010d kot 700 ljudi. Dodali so, da se z ognjem bori ve\u010d sto gasilcev s pomo\u010djo letal za ga\u0161enje.<\/p>\n<p>Po\u017ear je izbruhnil v gozdnati in gorski regiji, zlasti v nacionalnem parku Sierra Norte, kjer \u017eivijo ogro\u017eene vrste orlov, volkov in metuljev.<\/p>\n<p>Sledil je gozdnemu po\u017earu, ki je v sredo izbruhnil v bli\u017eini Zaragoze na severovzhodu dr\u017eave in doslej uni\u010dil 15.000 hektarjev povr\u0161in. Regionalne oblasti so danes sporo\u010dile, da se po\u017ear pri Zaragozi &#8220;po izredno napornih dneh kon\u010dno razvija v ugodno smer&#8221;.<\/p>\n<p>Na za\u010detku meseca je \u0160panijo prizadel eden najsmrtonosnej\u0161ih gozdnih po\u017earov v sodobni zgodovini, ki je v ju\u017eni provinci Almeria zahteval 13 \u017eivljenj in uni\u010dil 7000 hektarjev rastja.<\/p>\n<p>\u0160panija se zadnja leta spopada z vse dalj\u0161imi in pogostej\u0161imi vro\u010dinskimi valovi s temperaturami, ki precej presegajo 40 stopinj Celzija, kar ob su\u0161i ustvarja ugodne razmere za uni\u010dujo\u010de po\u017eare.<\/p>\n<p>\u0160panska meteorolo\u0161ka agencija Aemet je v soboto napovedala, da se bo v torek za\u010del tretji vro\u010dinski val leto\u0161njega poletja. Vrhunec naj bi dosegel v \u010detrtek, ko bodo temperature ponekod presegle 45 stopinj Celzija.<\/p>\n<p>Oglas<\/p>\n","protected":false},"excerpt":{"rendered":"V boju z ognjenimi zublji pomagajo tudi letala za ga\u0161enje. Foto: EPA Spremljajte RTVSLO.si kot prednostni vir na&hellip;\n","protected":false},"author":2,"featured_media":165611,"comment_status":"","ping_status":"","sticky":false,"template":"","format":"standard","meta":{"footnotes":"","_share_on_mastodon":"0"},"categories":[3],"tags":[65,66,29405,760,37,38,1567],"class_list":["post-165610","post","type-post","status-publish","format-standard","has-post-thumbnail","category-evropa","tag-europe","tag-evropa","tag-guadalajara","tag-pozar","tag-slovene","tag-slovenscina","tag-spanija"],"share_on_mastodon":{"url":"https:\/\/pubeurope.com\/@si\/116955285188252029","error":""},"_links":{"self":[{"href":"https:\/\/www.europesays.com\/si\/wp-json\/wp\/v2\/posts\/165610","targetHints":{"allow":["GET"]}}],"collection":[{"href":"https:\/\/www.europesays.com\/si\/wp-json\/wp\/v2\/posts"}],"about":[{"href":"https:\/\/www.europesays.com\/si\/wp-json\/wp\/v2\/types\/post"}],"author":[{"embeddable":true,"href":"https:\/\/www.europesays.com\/si\/wp-json\/wp\/v2\/users\/2"}],"replies":[{"embeddable":true,"href":"https:\/\/www.europesays.com\/si\/wp-json\/wp\/v2\/comments?post=165610"}],"version-history":[{"count":0,"href":"https:\/\/www.europesays.com\/si\/wp-json\/wp\/v2\/posts\/165610\/revisions"}],"wp:featuredmedia":[{"embeddable":true,"href":"https:\/\/www.europesays.com\/si\/wp-json\/wp\/v2\/media\/165611"}],"wp:attachment":[{"href":"https:\/\/www.europesays.com\/si\/wp-json\/wp\/v2\/media?parent=165610"}],"wp:term":[{"taxonomy":"category","embeddable":true,"href":"https:\/\/www.europesays.com\/si\/wp-json\/wp\/v2\/categories?post=165610"},{"taxonomy":"post_tag","embeddable":true,"href":"https:\/\/www.europesays.com\/si\/wp-json\/wp\/v2\/tags?post=165610"}],"curies":[{"name":"wp","href":"https:\/\/api.w.org\/{rel}","templated":true}]}}