{"id":165819,"date":"2026-07-21T07:29:11","date_gmt":"2026-07-21T07:29:11","guid":{"rendered":"https:\/\/www.europesays.com\/si\/165819\/"},"modified":"2026-07-21T07:29:11","modified_gmt":"2026-07-21T07:29:11","slug":"minister-vrtovec-o-ocitkih-proti-drzavnemu-sekretarju-damijanu-jaklinu","status":"publish","type":"post","link":"https:\/\/www.europesays.com\/si\/165819\/","title":{"rendered":"Minister Vrtovec o o\u010ditkih proti dr\u017eavnemu sekretarju Damijanu Jaklinu"},"content":{"rendered":"<p>    <img decoding=\"async\" data-lb-desktop=\"\/media\/2026\/07\/20\/847680\/Orig-A37A8923-1200.webp\" data-lb-mobile=\"\/media\/2026\/07\/20\/847680\/Orig-A37A8923-600.webp\" class=\"main-gallery-image se_image_lb\" src=\"https:\/\/www.europesays.com\/si\/wp-content\/uploads\/2026\/07\/Wide-A37A8923-1000.webp\" alt=\"01.06.2026 -predstavitev ministra za infrastrukturo in energetikoJernej VrtovecFoto: Toma\u017e Skale\"\/><\/p>\n<p>Minister Vrtovec o o\u010ditkih proti dr\u017eavnemu sekretarju Damijanu Jaklinu<\/p>\n<p>Na\u010deloma velja, da dokler nekdo ni pravnomo\u010dno obsojen, velja domneva nedol\u017enosti. V preteklosti smo \u017ee ve\u010dkrat videli razli\u010dne zapise o politikih. Vnaprej se jih je obsodilo, potem pa je bilo bodisi na ustavnem sodi\u0161\u010du bodisi na sodi\u0161\u010du za \u010dlovekove pravice v Strasbourgu dokazano, da je \u0161lo pravzaprav za politi\u010dni pogrom.<\/p>\n<p>                        21. 07. 2026, 00.00\n                    <\/p>\n<p> nepresli\u0161ano\n                    <\/p>\n<p>                        <a href=\"https:\/\/google.com\/preferences\/source?q=dnevnik.si\" class=\"se-author-gps-cta\" target=\"_blank\" rel=\"nofollow noopener\"><br \/>\n                            <img decoding=\"async\" class=\"se-author-gps-cta-badge\" src=\"https:\/\/www.europesays.com\/si\/wp-content\/uploads\/2026\/07\/1784611345_109_dnevnik_gps_badge.png\" alt=\"Google Preferred Sources CTA\"\/><br \/>\n                        <\/a><\/p>\n<p>Klju\u010dno je, da vsak sam nosi odgovornost za svoja dejanja. Te\u017eko pa nekdo sprejme politi\u010dno odgovornost, dokler ni znana odlo\u010ditev sodi\u0161\u010da. Iz prakse vemo, da se v\u010dasih dogaja politi\u010dni pogrom, potem pa se izka\u017ee, da je posameznik nedol\u017een. Spomnimo se Zdravka Po\u010dival\u0161ka in nabave mask, ko je bil dve leti stalno na tapeti, zaklju\u010dek preiskave pa je bil, da ni naredil ni\u010d narobe. Ali pa afere Patria, kjer je bil celo takratni predsednik najve\u010dje opozicijske stranke poslan v zapor, pa se je potem izkazalo, da po krivici. Imeti moramo enake vatle za vse.<\/p>\n<p>Te dni se o Jaklinu poro\u010da ve\u010d, kot se je na primer poro\u010dalo o tem, kako so se razli\u010dni ljudje ob \u0161pagetih pogovarjali o tem, na kak\u0161en na\u010din lahko dostopajo do predsednika vlade ter ministrov in vplivajo na njihova ravnanja.<\/p>\n<p>Ne govorim, da je medijsko poro\u010danje pretirano. Kot biv\u0161i piarovec cenim medije, ampak naj veljajo enaki vatli za vse. \u010ce danes politik ali pa drugi funkcionar odstopi in prevzame odgovornost zgolj in samo na podlagi medijskega poro\u010danja, kaj pa bo \u010dez pet, sedem let, ko bo sodi\u0161\u010de odlo\u010dilo, da je nedol\u017een? Kdo bo takrat poravnal \u0161kodo? Kdo bo povrnil zaupanje? Takrat bo zgodba objavljena kot neka mala novi\u010dka. \u010ce sploh bo.<\/p>\n<p>Vir: Siol.net<\/p>\n","protected":false},"excerpt":{"rendered":"Minister Vrtovec o o\u010ditkih proti dr\u017eavnemu sekretarju Damijanu Jaklinu Na\u010deloma velja, da dokler nekdo ni pravnomo\u010dno obsojen, velja&hellip;\n","protected":false},"author":2,"featured_media":165820,"comment_status":"","ping_status":"","sticky":false,"template":"","format":"standard","meta":{"footnotes":"","_share_on_mastodon":"0"},"categories":[8],"tags":[1524,7182,2033,37,38,64,63],"class_list":["post-165819","post","type-post","status-publish","format-standard","has-post-thumbnail","category-svet","tag-damijan-jaklin","tag-jernej-vrtovec","tag-nepreslisano","tag-slovene","tag-slovenscina","tag-svet","tag-world"],"share_on_mastodon":{"url":"https:\/\/pubeurope.com\/@si\/116956795272096348","error":""},"_links":{"self":[{"href":"https:\/\/www.europesays.com\/si\/wp-json\/wp\/v2\/posts\/165819","targetHints":{"allow":["GET"]}}],"collection":[{"href":"https:\/\/www.europesays.com\/si\/wp-json\/wp\/v2\/posts"}],"about":[{"href":"https:\/\/www.europesays.com\/si\/wp-json\/wp\/v2\/types\/post"}],"author":[{"embeddable":true,"href":"https:\/\/www.europesays.com\/si\/wp-json\/wp\/v2\/users\/2"}],"replies":[{"embeddable":true,"href":"https:\/\/www.europesays.com\/si\/wp-json\/wp\/v2\/comments?post=165819"}],"version-history":[{"count":0,"href":"https:\/\/www.europesays.com\/si\/wp-json\/wp\/v2\/posts\/165819\/revisions"}],"wp:featuredmedia":[{"embeddable":true,"href":"https:\/\/www.europesays.com\/si\/wp-json\/wp\/v2\/media\/165820"}],"wp:attachment":[{"href":"https:\/\/www.europesays.com\/si\/wp-json\/wp\/v2\/media?parent=165819"}],"wp:term":[{"taxonomy":"category","embeddable":true,"href":"https:\/\/www.europesays.com\/si\/wp-json\/wp\/v2\/categories?post=165819"},{"taxonomy":"post_tag","embeddable":true,"href":"https:\/\/www.europesays.com\/si\/wp-json\/wp\/v2\/tags?post=165819"}],"curies":[{"name":"wp","href":"https:\/\/api.w.org\/{rel}","templated":true}]}}