{"id":166776,"date":"2026-07-22T06:11:13","date_gmt":"2026-07-22T06:11:13","guid":{"rendered":"https:\/\/www.europesays.com\/si\/166776\/"},"modified":"2026-07-22T06:11:13","modified_gmt":"2026-07-22T06:11:13","slug":"saj-ni-res-pa-je-predsednica-uprave-rtv-tozi-svoj-rtv-pripravili-smo-anketo-o-rtv-narocnini","status":"publish","type":"post","link":"https:\/\/www.europesays.com\/si\/166776\/","title":{"rendered":"Saj ni res, pa je. Predsednica uprave RTV, to\u017ei svoj RTV. (Pripravili smo anketo o RTV naro\u010dnini)"},"content":{"rendered":"<p>Je to sploh mogo\u010de. \u201cGolobova\u201d TV, oziroma na\u0161a nacionalna televizija se vse bolj pogreza. Ne samo, da je v denarnem minusu, predsednica uprave RTV celo to\u017ei zavod, ki ga vodi. ta pa bo zaradi spora najel \u0161e tretjega odvetnika. Vse na ra\u010dun ljudi, ki pla\u010dujejo TV naro\u010dnino!<\/p>\n<p>Na\u0161a nacionalna televizija je navaden cirkus? V \u010dasu, ko RTV opozarja na finan\u010dne izzive in pri\u010dakuje dodatna prora\u010dunska sredstva, soo\u010da tudi z nenavadnim polo\u017eajem: predsednica uprave Natalija Gor\u0161\u010dak vodi javni zavod, obenem pa proti njemu nastopa kot to\u017enica v sodnem postopku. Po navedbah Info360 je pretekli teden potekala dopisna seja sveta RTV Slovenija, na kateri so se svetniki seznanili, da se pred delovnim sodi\u0161\u010dem vodi spor Natalije Gor\u0161\u010dak proti RTV Slovenija. Da poenostavimo. predsednica uprave tako to\u017ei lasten javni zavod.<\/p>\n<p>Kot poro\u010da Info360, sta obe odvetni\u0161ki dru\u017ebi, ki trenutno sodelujeta z RTV Slovenija,\u00a0odvetni\u0161ka dru\u017eba \u010ceferin in partnerji ter odvetnik Janez Tekavec, opozorili na konflikt oziroma videz konflikta interesov.<\/p>\n<p>Spor naj bi izviral iz njene razre\u0161itve z mesta direktorice Televizije Slovenija. Vi\u0161je delovno in socialno sodi\u0161\u010de je leta 2023 odlo\u010dilo, da jo je tedanji generalni direktor RTV Andrej Grah Whatmough razre\u0161il nezakonito. Po informacijah portala naj bi se aktualna to\u017eba nana\u0161ala na od\u0161kodninski zahtevek zaradi pretrpljenih du\u0161evnih bole\u010din ob razre\u0161itvi.<\/p>\n<p>Upajmo le da te \u201cdu\u0161evne bole\u010dine\u201d ne vplivajo na njeno presojo, kot priti\u010de predsednici uprave RTV. Od\u00a0 \u017ee tako \u201czapufanie\u201d RTV Gor\u0161\u010dakova o\u010ditno ho\u010de \u0161e ve\u010d denarja. Blagor tistim, ki tako \u201czepufano\u201d RTV in rabote zaposlenih \u0161e naprej podpirajo.<\/p>\n<p>V anketi vas spra\u0161ujemo, ali podpirate pla\u010devanje RTV naro\u010dnine, ali pa bi jo ukinili? (glasujte na tipki vote)<\/p>\n<p>Loading\u2026<\/p>\n<p>\u00a0<\/p>\n","protected":false},"excerpt":{"rendered":"Je to sploh mogo\u010de. \u201cGolobova\u201d TV, oziroma na\u0161a nacionalna televizija se vse bolj pogreza. Ne samo, da je&hellip;\n","protected":false},"author":2,"featured_media":166777,"comment_status":"","ping_status":"","sticky":false,"template":"","format":"standard","meta":{"footnotes":"","_share_on_mastodon":"0"},"categories":[22],"tags":[7425,150,26842,3026,1641,62,37,58,60,38,1643,2269],"class_list":["post-166776","post","type-post","status-publish","format-standard","has-post-thumbnail","category-maribor","tag-javni-zavod","tag-maribor","tag-natalija-gorscak","tag-odskodnina","tag-rtv-slovenija","tag-si","tag-slovene","tag-slovenia","tag-slovenija","tag-slovenscina","tag-sluzba","tag-tozba"],"share_on_mastodon":{"url":"https:\/\/pubeurope.com\/@si\/116962150479916506","error":""},"_links":{"self":[{"href":"https:\/\/www.europesays.com\/si\/wp-json\/wp\/v2\/posts\/166776","targetHints":{"allow":["GET"]}}],"collection":[{"href":"https:\/\/www.europesays.com\/si\/wp-json\/wp\/v2\/posts"}],"about":[{"href":"https:\/\/www.europesays.com\/si\/wp-json\/wp\/v2\/types\/post"}],"author":[{"embeddable":true,"href":"https:\/\/www.europesays.com\/si\/wp-json\/wp\/v2\/users\/2"}],"replies":[{"embeddable":true,"href":"https:\/\/www.europesays.com\/si\/wp-json\/wp\/v2\/comments?post=166776"}],"version-history":[{"count":0,"href":"https:\/\/www.europesays.com\/si\/wp-json\/wp\/v2\/posts\/166776\/revisions"}],"wp:featuredmedia":[{"embeddable":true,"href":"https:\/\/www.europesays.com\/si\/wp-json\/wp\/v2\/media\/166777"}],"wp:attachment":[{"href":"https:\/\/www.europesays.com\/si\/wp-json\/wp\/v2\/media?parent=166776"}],"wp:term":[{"taxonomy":"category","embeddable":true,"href":"https:\/\/www.europesays.com\/si\/wp-json\/wp\/v2\/categories?post=166776"},{"taxonomy":"post_tag","embeddable":true,"href":"https:\/\/www.europesays.com\/si\/wp-json\/wp\/v2\/tags?post=166776"}],"curies":[{"name":"wp","href":"https:\/\/api.w.org\/{rel}","templated":true}]}}