{"id":167537,"date":"2026-07-22T20:18:12","date_gmt":"2026-07-22T20:18:12","guid":{"rendered":"https:\/\/www.europesays.com\/si\/167537\/"},"modified":"2026-07-22T20:18:12","modified_gmt":"2026-07-22T20:18:12","slug":"mama-udarila-ravnateljico-zaradi-sinove-stirice-pri-sportni-vzgoji","status":"publish","type":"post","link":"https:\/\/www.europesays.com\/si\/167537\/","title":{"rendered":"Mama udarila ravnateljico zaradi sinove \u0161tirice pri \u0161portni vzgoji"},"content":{"rendered":"<p>    <img decoding=\"async\" data-lb-desktop=\"\/media\/2026\/07\/22\/848271\/Orig-924431-1200.webp\" data-lb-mobile=\"\/media\/2026\/07\/22\/848271\/Orig-924431-600.webp\" class=\"main-gallery-image se_image_lb\" src=\"https:\/\/www.europesays.com\/si\/wp-content\/uploads\/2026\/07\/Wide-924431-1000.webp\" alt=\"- \u0161olstvo - osnovno\u0161olci - u\u010denci - pouk - \u0161olska tabla- Osnovna \u0161ola Ledina, Komenskega ulica 19 \/\/FOTO: Luka Cjuha\"\/><\/p>\n<p>Ko je pri\u0161la ravnateljica in pojasnila, da so vsi zakonski roki za prito\u017ebo \u017ee potekli, se je mama burno odzvala. Foto: Luka Cjuha<\/p>\n<p>Mama udarila ravnateljico zaradi sinove \u0161tirice pri \u0161portni vzgoji<\/p>\n<p>Sedemsto evrov globe bo morala pla\u010dati mama iz hrva\u0161kega Zadra zaradi predrznega in nasilnega vedenja v sinovi osnovni \u0161oli. Burno se je odzvala, ko ji je ravnateljica razlo\u017eila, da je za prito\u017ebo na oceno pri \u0161portni vzgoji \u017ee prepozno.<\/p>\n<p>                        22. 07. 2026, 14.01\n                    <\/p>\n<p> mfr\n                    <\/p>\n<p>                        <a href=\"https:\/\/google.com\/preferences\/source?q=dnevnik.si\" class=\"se-author-gps-cta\" target=\"_blank\" rel=\"nofollow noopener\"><br \/>\n                            <img decoding=\"async\" class=\"se-author-gps-cta-badge\" src=\"https:\/\/www.europesays.com\/si\/wp-content\/uploads\/2026\/07\/1784749220_307_dnevnik_gps_badge.png\" alt=\"Google Preferred Sources CTA\"\/><br \/>\n                        <\/a><\/p>\n<p>Nezadovoljstvo zaradi ocene, ki jo je njen devetletni sin dobil pri \u0161portni vzgoji, bo mamo iz Zadra stalo 700 evrov. S tolik\u0161no globo jo je namre\u010d kaznovalo ob\u010dinsko sodi\u0161\u010de v Zadru zaradi prekr\u0161ka zoper javni red in mir oziroma posebej predrznega ter\u00a0nespodobnega vedenja v prostorih osnovne \u0161ole, pi\u0161e Zadarski list.<\/p>\n<p>Do incidenta je pri\u0161lo 7. julija 2022 okoli 13. ure, ko se je \u0161olsko leto \u017ee kon\u010dalo, prav tako seveda roditeljski sestanki in individualna informativna sre\u010danja. Kljub temu je mati pri\u0161la v pisarno \u0161olske\u00a0psihologinje, da bi vlo\u017eila prito\u017ebo na oceno. Menila je, da so sinu naredili krivico, ko so mu \u0161portno vzgojo ocenili s \u0161tirico. Tako je imel skupno povpre\u010dje ocen 4,44, medtem ko bi mu petica zagotovila odli\u010den uspeh.<\/p>\n<p>Mama okrivila ravnateljico in psihologinjo<\/p>\n<p>Ko je pri\u0161la ravnateljica in pojasnila, da so vsi zakonski roki za prito\u017ebo \u017ee potekli, se je mama burno odzvala. Po pri\u010devanju ravnateljice je za\u010dela kri\u010dati in tol\u010di s pestmi po mizi. Ko je nato ravnateljica segla po torbi, da bi vzela mobilni telefon in poklicala policijo, pa jo je mati z dlanjo udarila po roki. Nato je od\u0161la do tajnice, vlo\u017eila prito\u017ebo in od\u0161la.<\/p>\n<p>Mama je v pisnem zagovoru krivdo odlo\u010dno zanikala. Trdila je, da ravnateljice ni \u017ealila, nadlegovala ali udarila \u2013\u00a0nasprotno, v resnici naj bi njo \u017ealili psihologinja in ravnateljica. Prav tako nista \u017eeleli sprejeti njene prito\u017ebe, zaradi \u010desar jo je morala narekovati tajnici.<\/p>\n<p>Sodi\u0161\u010de jo je vseeno obsodilo zaradi prekr\u0161ka. Dolo\u010dilo ji je najni\u017ejo predpisano globo (razpon sega od 700 do 4000 evrov oziroma do 30 dni zapora), pri \u010demer je kot olaj\u0161evalno okoli\u0161\u010dino upo\u0161tevalo njeno prej\u0161njo evidenco prekr\u0161kov in dru\u017einske ter premo\u017eenjske razmere, \u0161e pi\u0161e Zadarski list.<\/p>\n","protected":false},"excerpt":{"rendered":"Ko je pri\u0161la ravnateljica in pojasnila, da so vsi zakonski roki za prito\u017ebo \u017ee potekli, se je mama&hellip;\n","protected":false},"author":2,"featured_media":167538,"comment_status":"","ping_status":"","sticky":false,"template":"","format":"standard","meta":{"footnotes":"","_share_on_mastodon":"0"},"categories":[8],"tags":[5129,585,6227,1931,37,38,864,43393,64,63],"class_list":["post-167537","post","type-post","status-publish","format-standard","has-post-thumbnail","category-svet","tag-globa","tag-hrvaska","tag-prekrsek","tag-pritozba","tag-slovene","tag-slovenscina","tag-sodisce","tag-solska-ocena","tag-svet","tag-world"],"share_on_mastodon":{"url":"https:\/\/pubeurope.com\/@si\/116965481563872195","error":""},"_links":{"self":[{"href":"https:\/\/www.europesays.com\/si\/wp-json\/wp\/v2\/posts\/167537","targetHints":{"allow":["GET"]}}],"collection":[{"href":"https:\/\/www.europesays.com\/si\/wp-json\/wp\/v2\/posts"}],"about":[{"href":"https:\/\/www.europesays.com\/si\/wp-json\/wp\/v2\/types\/post"}],"author":[{"embeddable":true,"href":"https:\/\/www.europesays.com\/si\/wp-json\/wp\/v2\/users\/2"}],"replies":[{"embeddable":true,"href":"https:\/\/www.europesays.com\/si\/wp-json\/wp\/v2\/comments?post=167537"}],"version-history":[{"count":0,"href":"https:\/\/www.europesays.com\/si\/wp-json\/wp\/v2\/posts\/167537\/revisions"}],"wp:featuredmedia":[{"embeddable":true,"href":"https:\/\/www.europesays.com\/si\/wp-json\/wp\/v2\/media\/167538"}],"wp:attachment":[{"href":"https:\/\/www.europesays.com\/si\/wp-json\/wp\/v2\/media?parent=167537"}],"wp:term":[{"taxonomy":"category","embeddable":true,"href":"https:\/\/www.europesays.com\/si\/wp-json\/wp\/v2\/categories?post=167537"},{"taxonomy":"post_tag","embeddable":true,"href":"https:\/\/www.europesays.com\/si\/wp-json\/wp\/v2\/tags?post=167537"}],"curies":[{"name":"wp","href":"https:\/\/api.w.org\/{rel}","templated":true}]}}