{"id":167586,"date":"2026-07-22T21:34:07","date_gmt":"2026-07-22T21:34:07","guid":{"rendered":"https:\/\/www.europesays.com\/si\/167586\/"},"modified":"2026-07-22T21:34:07","modified_gmt":"2026-07-22T21:34:07","slug":"urska-klakocar-zupancic-ob-zalostni-obletnici-pretresla-zlo-mori-tudi-otroke-nekateri-pa-niti-ne-trznejo","status":"publish","type":"post","link":"https:\/\/www.europesays.com\/si\/167586\/","title":{"rendered":"Ur\u0161ka Klako\u010dar Zupan\u010di\u010d ob \u017ealostni obletnici pretresla: \u00bbZlo mori tudi otroke, nekateri pa niti ne trznejo\u00ab"},"content":{"rendered":"<p>Na Norve\u0161kem se spominjajo 77 \u017ertev mno\u017ei\u010dnega pokola, ki ga je pred 15 leti v Oslu in na otoku Utoya izvedel desni\u010darski skrajne\u017e Anders Behring Breivik. Spominske slovesnosti so za\u010deli pred novim spomenikom \u017ertvam v norve\u0161ki prestolnici, kjer so prebrali njihova imena, govorci pa izpostavili, da napada in ideologije, ki stoji za njim, ne smejo nikoli pozabiti.<\/p>\n<p>Napad je 22. julija 2011 izvedel norve\u0161ki desni\u010darski skrajne\u017e Anders Behring Breivik, ki je blizu vladnega poslopja v Oslu najprej spro\u017eil bombo, ki je ubila osem ljudi, nato pa je na poletnem taboru podmladka norve\u0161ke laburisti\u010dne stranke (AUF) na okoli 40 kilometrov oddaljenem otoku Utoya v streljanju ubil \u0161e 69 ljudi, ve\u010dinoma najstnikov. Okoli 500 udele\u017eencev tabora je napad pre\u017eivelo. Breivik, ob\u010dudovalec nacisti\u010dne ideologije, je bil med drugim prepri\u010dan, da so organizacije, povezane z laburisti\u010dno stranko, pomagale pri islamizaciji Norve\u0161ke. Od leta 2012 zaradi napada prestaja najvi\u0161jo, 21-letno zaporno kazen, ki mu jo lahko podalj\u0161ajo, \u010de bo \u0161e naprej pomenil gro\u017enjo dru\u017ebi.<\/p>\n<p>\u00bbZlo mori tudi otroke. In nekateri ob tem niti ne trznejo\u00ab<\/p>\n<p>In\u00a0mno\u017ei\u010dnega pokola na Norve\u0161kem se je spomnila tudi nekdanja predsednica\u00a0DZ, <a href=\"https:\/\/slovenskenovice.delo.si\/novice\/slovenija\/po-nedeljskem-referendumu-sta-se-oglasila-klakocar-zupanciceva-in-rop-za-jankovica-imata-taksno-sporocilo\" target=\"_blank\" rel=\"nofollow noopener\">ki na jesenskih lokalnih volitvah \u017eeli priti v ljubljanski\u00a0mestni svet, \u010de ne celo na \u017eupansko mesto<\/a>, Ur\u0161ka Klako\u010dar Zupan\u010di\u010d. Pravi, da ko se se spominjamo masakra otrok na norve\u0161kem otoku Utoya, se moramo vpra\u0161ati, \u010de smo se kaj nau\u010dili?<\/p>\n<p>\u00bbZlo ima o\u010di. Zlo ima obraz. Zlo je \u010dlovek. \u010clovek, ki sovra\u017ei. \u010clovek, ki ubija. Zlu ni ime samo Breivik. Veliko imen ima. In najdemo ga povsod. Na vseh celinah in v vseh dr\u017eavah. Vemo, kdo je in kje je. Pa vendar mu pustimo, da se \u0161iri \u0161e naprej. V\u010dasih pride na oblast. Zlo mori tudi otroke. In nekateri ob tem niti ne trznejo. Zlo ne izbere nas. Mi izberemo zlo. Tudi takrat, ko smo tiho. Pa ne bi smeli biti, \u00ab je ob tem zapisala\u00a0Ur\u0161ka Klako\u010dar Zupan\u010di\u010d.<\/p>\n<p>\u00a0<\/p>\n","protected":false},"excerpt":{"rendered":"Na Norve\u0161kem se spominjajo 77 \u017ertev mno\u017ei\u010dnega pokola, ki ga je pred 15 leti v Oslu in na&hellip;\n","protected":false},"author":2,"featured_media":167587,"comment_status":"","ping_status":"","sticky":false,"template":"","format":"standard","meta":{"footnotes":"","_share_on_mastodon":"0"},"categories":[8],"tags":[43400,1104,764,34969,37,38,64,1198,63],"class_list":["post-167586","post","type-post","status-publish","format-standard","has-post-thumbnail","category-svet","tag-anders-behring-breivik","tag-norveska","tag-obletnica","tag-pokol","tag-slovene","tag-slovenscina","tag-svet","tag-urska-klakocar-zupancic","tag-world"],"share_on_mastodon":{"url":"https:\/\/pubeurope.com\/@si\/116965780169937612","error":""},"_links":{"self":[{"href":"https:\/\/www.europesays.com\/si\/wp-json\/wp\/v2\/posts\/167586","targetHints":{"allow":["GET"]}}],"collection":[{"href":"https:\/\/www.europesays.com\/si\/wp-json\/wp\/v2\/posts"}],"about":[{"href":"https:\/\/www.europesays.com\/si\/wp-json\/wp\/v2\/types\/post"}],"author":[{"embeddable":true,"href":"https:\/\/www.europesays.com\/si\/wp-json\/wp\/v2\/users\/2"}],"replies":[{"embeddable":true,"href":"https:\/\/www.europesays.com\/si\/wp-json\/wp\/v2\/comments?post=167586"}],"version-history":[{"count":0,"href":"https:\/\/www.europesays.com\/si\/wp-json\/wp\/v2\/posts\/167586\/revisions"}],"wp:featuredmedia":[{"embeddable":true,"href":"https:\/\/www.europesays.com\/si\/wp-json\/wp\/v2\/media\/167587"}],"wp:attachment":[{"href":"https:\/\/www.europesays.com\/si\/wp-json\/wp\/v2\/media?parent=167586"}],"wp:term":[{"taxonomy":"category","embeddable":true,"href":"https:\/\/www.europesays.com\/si\/wp-json\/wp\/v2\/categories?post=167586"},{"taxonomy":"post_tag","embeddable":true,"href":"https:\/\/www.europesays.com\/si\/wp-json\/wp\/v2\/tags?post=167586"}],"curies":[{"name":"wp","href":"https:\/\/api.w.org\/{rel}","templated":true}]}}