{"id":168619,"date":"2026-07-23T19:42:10","date_gmt":"2026-07-23T19:42:10","guid":{"rendered":"https:\/\/www.europesays.com\/si\/168619\/"},"modified":"2026-07-23T19:42:10","modified_gmt":"2026-07-23T19:42:10","slug":"nedolzna-pocitniska-fotografija-lahko-razkrije-vec-kot-si-mislite","status":"publish","type":"post","link":"https:\/\/www.europesays.com\/si\/168619\/","title":{"rendered":"Nedol\u017ena po\u010ditni\u0161ka fotografija lahko razkrije ve\u010d, kot si mislite"},"content":{"rendered":"<p>    <img decoding=\"async\" data-lb-desktop=\"\/media\/2026\/07\/23\/848621\/Orig-iStock-2228209491-1200.webp\" data-lb-mobile=\"\/media\/2026\/07\/23\/848621\/Orig-iStock-2228209491-600.webp\" class=\"main-gallery-image se_image_lb\" src=\"https:\/\/www.europesays.com\/si\/wp-content\/uploads\/2026\/07\/Wide-iStock-2228209491-1000.webp\" alt=\"Happy beautiful asian family having fun at the beach during summertime vacation - Chinese mother and mixed race asian children spending time together at the sea, concepts about family, motherhood and diversity\"\/><\/p>\n<p>Fotografije otrok lahko, \u010de niso objavljene premi\u0161ljeno, predstavljajo tveganje za njihovo zasebnost, dostojanstvo in varnost. Foto: iStock<\/p>\n<p>Nedol\u017ena po\u010ditni\u0161ka fotografija lahko razkrije ve\u010d, kot si mislite<\/p>\n<p>Na Zvezi prijateljev mladine Slovenije opozarjajo, da je pri objavljanju fotografij otrok na dru\u017ebenih omre\u017ejih potrebna posebna previdnost. Star\u0161e in druge odrasle pozivajo, naj pred vsako objavo razmislijo o otrokovi zasebnosti, dostojanstvu in dolgoro\u010dni varnosti.<\/p>\n<p>                        23. 07. 2026, 15.11\n                    <\/p>\n<p>                        <a href=\"https:\/\/google.com\/preferences\/source?q=dnevnik.si\" class=\"se-author-gps-cta\" target=\"_blank\" rel=\"nofollow noopener\"><br \/>\n                            <img decoding=\"async\" class=\"se-author-gps-cta-badge\" src=\"https:\/\/www.europesays.com\/si\/wp-content\/uploads\/2026\/07\/1784828055_117_dnevnik_gps_badge.png\" alt=\"Google Preferred Sources CTA\"\/><br \/>\n                        <\/a><\/p>\n<p>Poletje prina\u0161a \u010das dopustov, izletov in \u0161tevilnih nepozabnih do\u017eivetij, ki jih mnogi radi ovekove\u010dijo s fotografijami in delijo na dru\u017ebenih omre\u017ejih. Ob tem pa na Zvezi prijateljev mladine Slovenije (ZPMS) opozarjajo, da je pri objavljanju fotografij otrok potrebna posebna previdnost, saj imajo tudi najmlaj\u0161i pravico do zasebnosti in varnosti v digitalnem okolju.<\/p>\n<p>Pred objavo pomislimo na otrokovo prihodnost<\/p>\n<p>Na ZPMS poudarjajo, da lahko fotografije otrok, na katerih je jasno razvidna njihova identiteta ali so prikazani v kopalkah, pomanjkljivo oble\u010deni oziroma v drugih ob\u010dutljivih situacijah, predstavljajo tveganje za njihovo zasebnost, dostojanstvo in varnost. Ko je fotografija enkrat objavljena na spletu, nad njenim \u0161irjenjem pogosto ni ve\u010d mogo\u010de ohraniti nadzora. Posnetke je mogo\u010de kopirati, deliti ali zlorabiti, razvoj umetne inteligence pa po njihovih besedah ta tveganja \u0161e pove\u010duje. V najhuj\u0161ih primerih so lahko otroci \u017ertve spletnih spolnih zlorab, medvrstni\u0161kega nasilja ali zlorabe fotografij v nezakonite namene.<\/p>\n<p>\u00bbOtroci imajo pravico odra\u0161\u010dati brez nepotrebne digitalne sledi, ki jo ustvarimo odrasli. Pred vsako objavo fotografije se vpra\u0161ajmo, ali je ta res v otrokovo korist in ali bi si otrok \u017eelel, da bo ta fotografija dostopna tudi \u010dez deset ali dvajset let,\u00ab opozarjajo na ZPMS.<\/p>\n<p>Ob tem svetujejo, naj odrasli pri fotografiranju in objavljanju otrok izbirajo posnetke, ki \u010dim manj razkrivajo njihovo identiteto. Priporo\u010dajo skupinske fotografije ali fotografije, posnete z ve\u010dje razdalje, ter tak\u0161ne kote fotografiranja, pri katerih obraz otroka ni prepoznaven, na primer od zadaj, med dejavnostjo ali s pti\u010dje perspektive. Prav tako odsvetujejo objavo fotografij otrok v kopalkah ali pomanjkljivih obla\u010dilih ter razkrivanje njihovih imen ali drugih osebnih podatkov. \u010ce je otrok na fotografiji prepoznaven, priporo\u010dajo, da se obraz pred objavo zamegli ali druga\u010de zakrije.<\/p>\n<p>Na ZPMS poudarjajo, da bi morali biti otroci v sredi\u0161\u010du zgodb zaradi svojih do\u017eivetij in ne zaradi svoje izpostavljenosti na spletu. Z odgovornim ravnanjem odraslih lahko poletni spomini ostanejo prijeten del dru\u017einskega albuma, ne pa trajna digitalna sled, ki bi otroka spremljala tudi v odraslosti.<\/p>\n","protected":false},"excerpt":{"rendered":"Fotografije otrok lahko, \u010de niso objavljene premi\u0161ljeno, predstavljajo tveganje za njihovo zasebnost, dostojanstvo in varnost. Foto: iStock Nedol\u017ena&hellip;\n","protected":false},"author":2,"featured_media":168620,"comment_status":"","ping_status":"","sticky":false,"template":"","format":"standard","meta":{"footnotes":"","_share_on_mastodon":"0"},"categories":[6],"tags":[43582,43583,538,59,61,62,37,58,60,38,16395],"class_list":["post-168619","post","type-post","status-publish","format-standard","has-post-thumbnail","category-slovenija","tag-druzbeno-omrezje","tag-fotografije-otrok","tag-pocitnice","tag-republic-of-slovenia","tag-republika-slovenija","tag-si","tag-slovene","tag-slovenia","tag-slovenija","tag-slovenscina","tag-zpms"],"share_on_mastodon":{"url":"https:\/\/pubeurope.com\/@si\/116971002083188636","error":""},"_links":{"self":[{"href":"https:\/\/www.europesays.com\/si\/wp-json\/wp\/v2\/posts\/168619","targetHints":{"allow":["GET"]}}],"collection":[{"href":"https:\/\/www.europesays.com\/si\/wp-json\/wp\/v2\/posts"}],"about":[{"href":"https:\/\/www.europesays.com\/si\/wp-json\/wp\/v2\/types\/post"}],"author":[{"embeddable":true,"href":"https:\/\/www.europesays.com\/si\/wp-json\/wp\/v2\/users\/2"}],"replies":[{"embeddable":true,"href":"https:\/\/www.europesays.com\/si\/wp-json\/wp\/v2\/comments?post=168619"}],"version-history":[{"count":0,"href":"https:\/\/www.europesays.com\/si\/wp-json\/wp\/v2\/posts\/168619\/revisions"}],"wp:featuredmedia":[{"embeddable":true,"href":"https:\/\/www.europesays.com\/si\/wp-json\/wp\/v2\/media\/168620"}],"wp:attachment":[{"href":"https:\/\/www.europesays.com\/si\/wp-json\/wp\/v2\/media?parent=168619"}],"wp:term":[{"taxonomy":"category","embeddable":true,"href":"https:\/\/www.europesays.com\/si\/wp-json\/wp\/v2\/categories?post=168619"},{"taxonomy":"post_tag","embeddable":true,"href":"https:\/\/www.europesays.com\/si\/wp-json\/wp\/v2\/tags?post=168619"}],"curies":[{"name":"wp","href":"https:\/\/api.w.org\/{rel}","templated":true}]}}