{"id":169001,"date":"2026-07-24T08:12:07","date_gmt":"2026-07-24T08:12:07","guid":{"rendered":"https:\/\/www.europesays.com\/si\/169001\/"},"modified":"2026-07-24T08:12:07","modified_gmt":"2026-07-24T08:12:07","slug":"logar-s-klobukom-v-lezalniku-vrtovec-na-vodnem-skuterju-doncic-se-je-zaljubil-v-golf","status":"publish","type":"post","link":"https:\/\/www.europesays.com\/si\/169001\/","title":{"rendered":"Logar s klobukom v le\u017ealniku, Vrtovec na vodnem skuterju, Don\u010di\u0107 se je zaljubil v golf"},"content":{"rendered":"<p>Kot so poro\u010dali na spletnem obve\u0161\u010devalcu N1, nas \u010dez dobrih \u0161tirinajst dni \u010daka ena najbolj zanimivih nebesnih predstav tega desetletja, saj bomo lahko opazovali prvi popolni son\u010dni mrk na stari celini po letu 1999. \u00bb\u0160tevilni ljubitelji astronomije in son\u010dnih mrkov zato \u017ee na\u010drtujejo potovanja v \u0160panijo in na Islandijo, kjer bo mrk viden v vsej svoji veli\u010dini, saj bo pas popolnega mrka potekal \u010dez vzhodno Grenlandijo, zahodno Islandijo, sever \u0160panije in majhen del Portugalske. Tam bo Luna Sonce popolnoma zakrila za najve\u010d nekaj ve\u010d kot dve minuti,\u00ab so zapisali in obvestili zainteresirano javnost, da v Sloveniji popolnega mrka sicer ne bomo do\u017eiveli, bo pa delni mrk zelo izrazit, saj bo na primer v Ljubljani v glavnini mrka Luna prekrila natan\u010dno 84,20 odstotka premera Sonca, v Mariboru pa malce manj, 79,46 odstotka.<\/p>\n<p>Do takrat se bo utrnila \u0161e marsikatera zvezda, zato se posvetimo na\u0161im du\u0161am iz kraljestva slavnih, ki neumorno skrbijo za to, da nam v teh dneh ni dolg\u010das. Kot so zapisali v Slovenskih novicah, je poletje \u010das, ko celo politiki za nekaj dni odlo\u017eijo slu\u017ebene obveznosti in javnosti poka\u017eejo nekoliko bolj spro\u0161\u010deno plat svojega vsakdana.<\/p>\n<p>        <img decoding=\"async\" data-lb-desktop=\"\/media\/2026\/07\/16\/848369\/Orig-749355244_1459157529389112_7110481503601011226_n__1_-1200.webp\" data-lb-mobile=\"\/media\/2026\/07\/16\/848369\/Orig-749355244_1459157529389112_7110481503601011226_n__1_-600.webp\" class=\"se_image se_image_lb\" src=\"https:\/\/www.europesays.com\/si\/wp-content\/uploads\/2026\/07\/Orig-749355244_1459157529389112_7110481503601011226_n__1_-600.webp\" alt=\"Minister Jernej Vrtovec ljubi hitre \u0161porte, na sliki vozi vodni skuter s svojo h\u010derko. \"\/><\/p>\n<p>Minister Jernej Vrtovec ljubi hitre \u0161porte, na sliki vozi vodni skuter s svojo h\u010derko. Foto: facebook stran Jerneja Vrtovca<\/p>\n<p>Nemudoma smo pobrskali po medmre\u017eju in tamkaj zapazili ministra za infrastrukturo in energetiko Jerneja Vrtovca, ki je, kot so sve\u010dano razodeli, svoje sledilce razveselil s po\u010ditni\u0161ko fotografijo z morja. \u00bbNa posnetku minister sedi na vodnem skuterju, dru\u017ebo pa mu dela h\u010derka. Ob fotografiji je zapisal: &#8216;Morske radosti. Zdaj veste, kaj je moja izbira, \u010de sta na izbiro vodni skuter in gokart. Zgleda, da se ta strast do adrenalinskih podvigov prena\u0161a tudi na potomce. U\u017eivajte v poletnih dneh!&#8217; \u010ceprav ni razkril, kje z dru\u017eino dopustuje, je iz fotografije razvidno, da si je privo\u0161\u010dil nekaj dni oddiha ob morju,\u00ab je denimo poro\u010dilo z neznanega morskega koti\u010dka ob neznanem \u010dasu, ko se je novi minister izogibal gne\u010dam na avtocestah, ki mu jih, kot lahko vsi opazimo, \u0161e ni uspelo sanirati.<\/p>\n<p>Raziskovalci \u0161irokopasovnega svetovnega spleta s portala to\u010dnoto.si so prav tako nekje ob morju zalotili \u0161e enega velikana slovenske politi\u010dne scene An\u017eeta Logarja, le da je ta nasprotno od kolega Vrtovca svet okoli sebe raziskoval na veliko bolj poduhovljen na\u010din. \u00bbLogar je pokazal, da poletje izkori\u0161\u010da za po\u010ditek ob morju, in dejal, da je to \u0161ele za\u010detek. V senci borovcev, s klobukom na glavi in spro\u0161\u010deno zleknjen na le\u017ealniku je videti, da je vsakodnevni politi\u010dni tempo za nekaj \u010dasa zamenjal za \u0161umenje valov. Fotografija daje vtis popolnega miru, brez obveznosti, brez vrve\u017ea, le druga\u010den on in morje,\u00ab je raport iz prav tako misterioznega kraja sveta.<\/p>\n<p>Za Mi\u0161o Molk pa so vro\u010di poletni dnevi najprimernej\u0161i za branje, ker za to opravilo potrebuje \u010das in mir. \u00bbVe\u010dkrat se moram res odlo\u010dno zmeniti sama s seboj, da me filmi na ta dan ne bodo odvrnili od branja. In to ni lahko. Zato je poletje meni najljub\u0161i \u010das, takrat lahko berem ure in ure,\u00ab je oznanila v reviji Lady in \u0161e navrgla, da knjige vedno prebira s svin\u010dnikom v roki, da lahko pod\u010drtava stavke, misli in odlomke, ki se je dotaknejo. \u00bbZato si knjig nikoli ne izposojam, raje jih kupim, da lahko v njih pu\u0161\u010dam svoje sledi, opombe in ob\u010dutke.\u00ab<\/p>\n<p>Zorjanova je zavezovala\u00a0vre\u010dke s skuto<\/p>\n<p>V raziskovalno-informativnem gnezdu 24.ur.com pa so sklenili svojo bralno in klikalno ob\u010destvo pozabavati s poizvedbo o tem, kak\u0161na po\u010ditni\u0161ka dela so \u0161e v \u010dasu, ko se za njimi ni iskrilo, opravljali danes prepoznavni obrazi popularne kulture, kot so predstavili nekaj svojih gostov, ki so jih zasli\u0161ali na to temo. Prvi \u017eenski glas Prekmurja Nika Zorjan jim je zaupala, da je nekaj \u010dasa delala v Pomurskih mlekarnah, kjer je na teko\u010dem traku z elastikami zavezovala vre\u010dke, polnjene s skuto. \u00bbBilo je kar zanimivo in vedno, ko sem pri\u0161la v trgovino, sem rekla: &#8216;Evo, to jaz delam!&#8217; Je pa res, da je bilo tam notri zelo mrzlo. Tam je lepo biti, ko je vro\u010dina,\u00ab je dejala pevska umetnica.<\/p>\n<p>        <img decoding=\"async\" data-lb-desktop=\"\/media\/2026\/07\/16\/848376\/Orig-Nika_Zorjan_foto_Matic-Gabriel-1200.webp\" data-lb-mobile=\"\/media\/2026\/07\/16\/848376\/Orig-Nika_Zorjan_foto_Matic-Gabriel-600.webp\" class=\"se_image se_image_lb\" src=\"https:\/\/www.europesays.com\/si\/wp-content\/uploads\/2026\/07\/Orig-Nika_Zorjan_foto_Matic-Gabriel-600.webp\" alt=\"Nika Zorjan \"\/><\/p>\n<p>Nika Zorjan je neko\u010d poleti delala v proizvodnji, a jo je motil mraz, saj ljubi vro\u010dino in morje. Foto: Matic Gabriel<\/p>\n<p>Njena stanovska kolegica Alja Omladi\u010d, med malikovalci slovenske glasbene scene sicer bolj znana kot Alya, pa je razvajala goste v babi\u010dini gostilni. \u00bbVe\u0161, \u010desa me je bilo najbolj strah? Da ne bom komu dala preve\u010d denarja nazaj. V bistvu sem se unesla in kar nekaj let delala, bojda so me imeli kar radi. Moram re\u010di, da sem kar u\u017eivala v tem. Bila sem zelo zgovorna, zelo hitra, vedno sem si nalo\u017eila preve\u010d, ampak nisem ni\u010d po tleh razbila. Pa zabavala sem se zraven. Jaz sem to jemala kot \u2013 slu\u017eim svoj denar in svoj denar bom porabila za svoje cilje. In res je bilo tako, za glasbo je \u0161el ta denar,\u00ab je o svojih natakarskih dnevih pripovedovala Omladi\u010deva.<\/p>\n<p>Don\u010di\u0107 na golfu,\u00a0Ivani\u010deva v fitnesu<\/p>\n<p>Za konec jo mahnimo \u0161e na igri\u0161\u010da za golf in v telovadnico, kjer blestita Nina Ivani\u010d in Luka Don\u010di\u0107. Gledali\u0161ko in filmsko divo je med opravljanjem fizkulturne aktivnosti odkrila zvedava ekipa revije Suzy. \u00bbV mladosti odli\u010dna golfistka se je lani po \u010detrt stoletja energi\u010dno vrnila k temu njej ljubemu \u0161portu v naravi, tako jo lahko tudi letos pogosto vidimo na zelenici s palico v roki. Toda to \u0161e ni vse \u2013 s fotografijo, ki jo je delila s svojimi sledilci, se je namre\u010d pohvalila, da odli\u010dno telesno pripravljenost ohranja tudi s treningi na fitnesu. Pri tej vadbi ni novinka, saj jo spremlja \u017ee dlje \u010dasa in ji je \u017ee ve\u010dkrat pomagala do bolj\u0161e kondicije. Lahko jo le pohvalimo, saj \u017eari, njen trud pa se ji o\u010ditno bogato obrestuje,\u00ab je zabele\u017eka, ki so jo ponesli v svet in splet, potem ko so si podrobno ogledali njeno udejstvovanje v fitnes studiu.<\/p>\n<p>Na za\u010dasnem delu v tujini \u017eive\u010dega ko\u0161arkarja Luko Don\u010di\u0107a so prav tako izsledili v zavidljivi formi na golf turnirju v Zdru\u017eenem kraljestvu. \u00bbSlovenski zvezdnik Los Angeles Lakersov se je mudil na presti\u017enem turnirju The Open v Angliji, kjer je v \u017eivo spremljal najbolj\u0161e golfiste sveta, najve\u010d pozornosti pa je namenil igralcu Scottieju Schefflerju. Don\u010di\u0107, ki se je v zadnjih mesecih mo\u010dno navdu\u0161il nad golfom, je na igri\u0161\u010du Royal Birkdale uresni\u010dil tudi osebno \u017eeljo, saj je spoznal svojega \u0161portnega vzornika. Del dneva je pre\u017eivel ob spremljanju Schefflerjeve igre, ob\u010dudoval njegovo tehniko, se fotografiral z navija\u010di in u\u017eival v vzdu\u0161ju enega najve\u010djih golfskih dogodkov na svetu. V pogovoru za Sky Sports je priznal, da ga je golf popolnoma prevzel. Razkril je, da lahko v prostem dnevu brez te\u017eav odigra tudi 36 lukenj, saj mu igra predstavlja idealen na\u010din sprostitve in odmik od naporov profesionalne ko\u0161arke,\u00ab smo lahko prebrali na portalu N1, kjer so \u0161e dodali, da \u010deprav je bil povsem zatopljen v golf, prek dru\u017ebenih omre\u017eij ni pozabil \u010destitati slovenskim ko\u0161arkarskim reprezentantom do 20 let za izjemen dose\u017eek in osvojeno evropsko lovoriko. Gledat v Sto\u017eice pa jih o\u010ditno ni pri\u0161el.\u2002<\/p>\n","protected":false},"excerpt":{"rendered":"Kot so poro\u010dali na spletnem obve\u0161\u010devalcu N1, nas \u010dez dobrih \u0161tirinajst dni \u010daka ena najbolj zanimivih nebesnih predstav&hellip;\n","protected":false},"author":2,"featured_media":169002,"comment_status":"","ping_status":"","sticky":false,"template":"","format":"standard","meta":{"footnotes":"","_share_on_mastodon":"0"},"categories":[8],"tags":[1137,7182,342,43697,37,38,64,39232,63],"class_list":["post-169001","post","type-post","status-publish","format-standard","has-post-thumbnail","category-svet","tag-anze-logar","tag-jernej-vrtovec","tag-luka-doncic","tag-slamnik","tag-slovene","tag-slovenscina","tag-svet","tag-vodni-skuter","tag-world"],"share_on_mastodon":{"url":"https:\/\/pubeurope.com\/@si\/116973951173486791","error":""},"_links":{"self":[{"href":"https:\/\/www.europesays.com\/si\/wp-json\/wp\/v2\/posts\/169001","targetHints":{"allow":["GET"]}}],"collection":[{"href":"https:\/\/www.europesays.com\/si\/wp-json\/wp\/v2\/posts"}],"about":[{"href":"https:\/\/www.europesays.com\/si\/wp-json\/wp\/v2\/types\/post"}],"author":[{"embeddable":true,"href":"https:\/\/www.europesays.com\/si\/wp-json\/wp\/v2\/users\/2"}],"replies":[{"embeddable":true,"href":"https:\/\/www.europesays.com\/si\/wp-json\/wp\/v2\/comments?post=169001"}],"version-history":[{"count":0,"href":"https:\/\/www.europesays.com\/si\/wp-json\/wp\/v2\/posts\/169001\/revisions"}],"wp:featuredmedia":[{"embeddable":true,"href":"https:\/\/www.europesays.com\/si\/wp-json\/wp\/v2\/media\/169002"}],"wp:attachment":[{"href":"https:\/\/www.europesays.com\/si\/wp-json\/wp\/v2\/media?parent=169001"}],"wp:term":[{"taxonomy":"category","embeddable":true,"href":"https:\/\/www.europesays.com\/si\/wp-json\/wp\/v2\/categories?post=169001"},{"taxonomy":"post_tag","embeddable":true,"href":"https:\/\/www.europesays.com\/si\/wp-json\/wp\/v2\/tags?post=169001"}],"curies":[{"name":"wp","href":"https:\/\/api.w.org\/{rel}","templated":true}]}}