{"id":16935,"date":"2026-03-07T11:20:12","date_gmt":"2026-03-07T11:20:12","guid":{"rendered":"https:\/\/www.europesays.com\/si\/16935\/"},"modified":"2026-03-07T11:20:12","modified_gmt":"2026-03-07T11:20:12","slug":"nihce-ni-pricakoval-da-se-bo-kaj-taksnega-zgodilo-s-skupino-atomik-harmonik","status":"publish","type":"post","link":"https:\/\/www.europesays.com\/si\/16935\/","title":{"rendered":"Nih\u010de ni pri\u010dakoval, da se bo kaj tak\u0161nega zgodilo s skupino Atomik Harmonik"},"content":{"rendered":"<p>        Sledi nekaj novega.<\/p>\n<p>Obo\u017eevalci Atomik\u00a0Harmonik so bili v enem dolo\u010denem trenutku \u017ee prepri\u010dani, da je s skupino konec, a zdaj so jih popolnoma presenetili. Skupini se je pridru\u017eila h\u010di\u00a0Janija Pavca Sara Pavec, zdaj pa so nas vse razveselili \u0161e s \u010dudovito novico in sicer, izdali bodo novo pesem:<\/p>\n<p>\u201cAtomiki se pripravljamo na izdajo nove pesmi, ki bo leto 2026 zavilo v plesne ritme skupaj z atomsko harmoniko. Naslov pesmi je \u201cDokler bom \u017eiv\u201d. Kak\u0161no je nadaljevanje refrena? a) bom pil, b) se bom veselil, c)bom punce lovil?\u201d<\/p>\n<p><img fetchpriority=\"high\" decoding=\"async\" class=\"size-full wp-image-449598\" src=\"https:\/\/www.europesays.com\/si\/wp-content\/uploads\/2026\/03\/Atomik-Harmonik.jpg\" alt=\"\" width=\"1219\" height=\"875\"  \/>Skupina Atomik Harmonik<br \/>Vir: Instagram<\/p>\n<p>Sara Pavec je nadomestila \u0160pelo Gro\u0161elj, ima pa \u017ee nekaj let tudi svojo uspe\u0161no glasbeno karieo. Pred kratkim so se z dru\u017eino vrnili iz ZDA, kjer je Sara <a href=\"https:\/\/www.tocnoto.si\/na-dan-je-prisla-resnica-o-tem-kako-se-je-hci-janija-pavca-znasla-na-podelitvi-prestiznih-nagrad-grammy\/\" rel=\"nofollow noopener\" target=\"_blank\">obiskala presti\u017ene nagrade<\/a> Grammy.<\/p>\n<p><a href=\"https:\/\/www.tocnoto.si\/robert-roskar-izdal-podatke-o-dogodku-ki-je-zaznamoval-tudi-njegove-prijatelje\/\" rel=\"nofollow noopener\" target=\"_blank\">Robert Ro\u0161kar izdal podatke o dogodku, ki je zaznamoval tudi njegove prijatelje<\/a><\/p>\n<p><a href=\"https:\/\/www.tocnoto.si\/voditeljica-lea-mederal-prica-pretepu-pokazala-je-kaj-se-je-dogajalo\/\" rel=\"nofollow noopener\" target=\"_blank\">Voditeljica Lea Mederal pri\u010da pretepu, pokazala je, kaj se je dogajalo<\/a><\/p>\n<p><a href=\"https:\/\/www.tocnoto.si\/dejan-zavec-postal-zrtev-nezaslisanega-dejanja\/\" rel=\"nofollow noopener\" target=\"_blank\">Dejan Zavec postal \u017ertev nezasli\u0161anega dejanja<\/a><\/p>\n<p><a href=\"https:\/\/www.tocnoto.si\/kmetija-marku-se-je-cisto-odpeljalo-padale-so-krute-besede-sledil-izredni-sestanek\/\" rel=\"nofollow noopener\" target=\"_blank\">Kmetija: Marku se je \u010disto odpeljalo, padale so krute besede, sledil izredni sestanek<\/a><\/p>\n","protected":false},"excerpt":{"rendered":"Sledi nekaj novega. Obo\u017eevalci Atomik\u00a0Harmonik so bili v enem dolo\u010denem trenutku \u017ee prepri\u010dani, da je s skupino konec,&hellip;\n","protected":false},"author":2,"featured_media":16936,"comment_status":"","ping_status":"","sticky":false,"template":"","format":"standard","meta":{"footnotes":"","_share_on_mastodon":"0"},"categories":[18],"tags":[7787,114,7617,62,37,58,60,38,115],"class_list":["post-16935","post","type-post","status-publish","format-standard","has-post-thumbnail","category-zabava","tag-atomik-harmonik","tag-entertainment","tag-jani-pavec","tag-si","tag-slovene","tag-slovenia","tag-slovenija","tag-slovenscina","tag-zabava"],"share_on_mastodon":{"url":"https:\/\/pubeurope.com\/@si\/116187629090942532","error":""},"_links":{"self":[{"href":"https:\/\/www.europesays.com\/si\/wp-json\/wp\/v2\/posts\/16935","targetHints":{"allow":["GET"]}}],"collection":[{"href":"https:\/\/www.europesays.com\/si\/wp-json\/wp\/v2\/posts"}],"about":[{"href":"https:\/\/www.europesays.com\/si\/wp-json\/wp\/v2\/types\/post"}],"author":[{"embeddable":true,"href":"https:\/\/www.europesays.com\/si\/wp-json\/wp\/v2\/users\/2"}],"replies":[{"embeddable":true,"href":"https:\/\/www.europesays.com\/si\/wp-json\/wp\/v2\/comments?post=16935"}],"version-history":[{"count":0,"href":"https:\/\/www.europesays.com\/si\/wp-json\/wp\/v2\/posts\/16935\/revisions"}],"wp:featuredmedia":[{"embeddable":true,"href":"https:\/\/www.europesays.com\/si\/wp-json\/wp\/v2\/media\/16936"}],"wp:attachment":[{"href":"https:\/\/www.europesays.com\/si\/wp-json\/wp\/v2\/media?parent=16935"}],"wp:term":[{"taxonomy":"category","embeddable":true,"href":"https:\/\/www.europesays.com\/si\/wp-json\/wp\/v2\/categories?post=16935"},{"taxonomy":"post_tag","embeddable":true,"href":"https:\/\/www.europesays.com\/si\/wp-json\/wp\/v2\/tags?post=16935"}],"curies":[{"name":"wp","href":"https:\/\/api.w.org\/{rel}","templated":true}]}}