{"id":169956,"date":"2026-07-25T08:26:25","date_gmt":"2026-07-25T08:26:25","guid":{"rendered":"https:\/\/www.europesays.com\/si\/169956\/"},"modified":"2026-07-25T08:26:25","modified_gmt":"2026-07-25T08:26:25","slug":"dan-po-velicastni-pogacarjevi-zmagi-kolesarji-spet-na-alpe-dhuez","status":"publish","type":"post","link":"https:\/\/www.europesays.com\/si\/169956\/","title":{"rendered":"Dan po veli\u010dastni Poga\u010darjevi zmagi kolesarji spet na Alpe d&#8217;Huez"},"content":{"rendered":"<p>\t\t\t\t\t\t\t\t<a href=\"https:\/\/www.europesays.com\/si\/wp-content\/uploads\/2026\/07\/67063539.jpg\" itemprop=\"contentUrl\" data-size=\"1200x800\" data-large=\"https:\/\/www.europesays.com\/si\/wp-content\/uploads\/2026\/07\/67063539.jpg\"><br \/>\n\t\t\t\t\t\t\t\t\t<img decoding=\"async\" src=\"https:\/\/www.europesays.com\/si\/wp-content\/uploads\/2026\/07\/67063539.jpg\" title=\"Tadej Poga\u010dar ima v skupnem se\u0161tevku 7:11 prednosti pred drugouvr\u0161\u010denim Remcom Evenepoelom. Foto: Reuters\" alt=\"Tadej Poga\u010dar ima v skupnem se\u0161tevku 7:11 prednosti pred drugouvr\u0161\u010denim Remcom Evenepoelom. Foto: Reuters\"\/><br \/>\n\t\t\t\t\t\t\t\t<\/a><\/p>\n<p>\t\t\t\t\t\t\t\t\tTadej Poga\u010dar ima v skupnem se\u0161tevku 7:11 prednosti pred drugouvr\u0161\u010denim Remcom Evenepoelom. Foto: Reuters<\/p>\n<p>\t\t\t\t\t\t\t\t<a href=\"https:\/\/www.europesays.com\/si\/wp-content\/uploads\/2026\/07\/67051915.jpg\" itemprop=\"contentUrl\" data-size=\"1200x800\" data-large=\"https:\/\/www.europesays.com\/si\/wp-content\/uploads\/2026\/07\/67051915.jpg\"><br \/>\n\t\t\t\t\t\t\t\t\t<img decoding=\"async\" src=\"https:\/\/www.europesays.com\/si\/wp-content\/uploads\/2026\/07\/67051915.jpg\" title=\"Prerez 20., kraljevske etape leto\u0161nje Dirke po Franciji, na kateri bodo morali kolesarji premagati \u0161tiri kategorizirane prelaze. Foto: ASO\" alt=\"Prerez 20., kraljevske etape leto\u0161nje Dirke po Franciji, na kateri bodo morali kolesarji premagati \u0161tiri kategorizirane prelaze. Foto: ASO\"\/><br \/>\n\t\t\t\t\t\t\t\t<\/a><\/p>\n<p>\t\t\t\t\t\t\t\t\tPrerez 20., kraljevske etape leto\u0161nje Dirke po Franciji, na kateri bodo morali kolesarji premagati \u0161tiri kategorizirane prelaze. Foto: ASO<\/p>\n<p>\t\t\t\t\t\t\t<a id=\"preferredSourceBanner\" href=\"https:\/\/www.rtvslo.si\/sport\/kolesarstvo\/dirka-po-franciji\/dan-po-velicastni-pogacarjevi-zmagi-kolesarji-spet-na-alpe-d-huez\/javascript:void(0)\" target=\"_blank\" class=\"d-none align-items-center justify-content-between rounded my-3\" style=\"padding: 10px 15px;\" rel=\"nofollow noopener\"><br \/>\n\t\t\t\t\t\t<img decoding=\"async\" src=\"https:\/\/img.rtvslo.si\/_static\/novi\/img\/ico-google.svg\" class=\"flex-shrink-0 mr-3\" aria-hidden=\"true\"\/><br \/>\n\t\t\t\t\t\tSpremljajte RTVSLO.si kot prednostni vir na Google<\/p>\n<p>\t\t\t\t\t<\/a><\/p>\n<p>\u0160e vedno smo pod vtisom dih jemajo\u010de predstave Tadeja Poga\u010darja na 19. etapi, ki jo je v velikem slogu dobil z rekordnim \u010dasom vzpenjanja na legendarni Alpe d&#8217;Huez. Na tem prelazu se bo tudi danes kon\u010dala etapa, le da bo vzpenjanje nekoliko la\u017eje in tudi kraj\u0161e.<\/p>\n<p>Oglas<\/p>\n<p>Tega pa ne moremo re\u010di za preostali del etape, ki je peklensko te\u017eek. Kolesarje na trasi, dolgi 171 km, \u010dakajo \u0161tirje kategorizirani vzponi, od teh tri ekstra kategorije, skupno pa bodo prevozili kar 5450 vi\u0161inskih metrov.<\/p>\n<p>Najprej se bodo povzpeli na Col de la Croix de Fer (klanec ekstra kategorije, 24 km pri 5,2-odstotni povpre\u010dni naklonini). Sledi spust vse do Saint-Julien-Mont-Denisa, kjer je tudi lete\u010di cilj.<\/p>\n<p>\t\t\t\t\t\t\t\t\t<a href=\"https:\/\/www.rtvslo.si\/n\/789065\" class=\"image-link image-heading image-container container-16-9\" data-large=\"https:\/\/img.rtvcdn.si\/_up\/upload\/2026\/07\/24\/67063492.jpg\" rel=\"nofollow noopener\" target=\"_blank\"><br \/>\n\t\t\t\t\t\t\t\t\t\t<img decoding=\"async\" src=\"https:\/\/www.europesays.com\/si\/wp-content\/uploads\/2026\/07\/67063492_thumb.jpg\" class=\"image-preview\"\/><br \/>\n\t\t\t\t\t\t\t\t\t<\/a><\/p>\n<p>\t\t\t\t\t\t\t\t\t\tSorodna novica<br \/>\n\t\t\t\t\t\t\t\t\t\t<a href=\"https:\/\/www.rtvslo.si\/n\/789065\" rel=\"nofollow noopener\" target=\"_blank\">Po rekordu na ikoni\u010dni gori: &#8220;V boj za del Torove stopni\u010dke&#8221;<\/a><\/p>\n<p>\t\t\t\t\t\t\tPo 19. etapi (od 21):<br \/>\n  1. T. POGA\u010cAR          SLO  67:53:00<br \/>\n  2. R. EVENEPOEL        BEL     +7:11<br \/>\n  3. I. DEL TORO         MEH      9:42<br \/>\n  4. P. SEIXAS           FRA     10:06<br \/>\n  5. L. MARTINEZ         FRA     13:00<br \/>\n  6. M. SKJELMOSE        DAN     13:09<br \/>\n  7. J. AYUSO            \u0160PA     15:58<br \/>\n  8. R. CARAPAZ          EKV     21:15<br \/>\n  9. T. PIDCOCK           VB     21:30<br \/>\n 10. J. JEGAT            FRA     23:21<br \/>\n &#8230;<br \/>\n 83. J. TRATNIK          SLO   3:58:59<br \/>\n 90. M. MOHORI\u010c          SLO   4:05:47<\/p>\n<p>Kmalu zatem se bodo povzpeli na prelaz prve kategorije, Col du Telegraphe (11,9 km pri 7,1-odstotni povpre\u010dni naklonini). Po kraj\u0161em spustu do Valloireja sledi peklenski vzpon na Galibier (17,7 km pri 6,9-odsotni naklonini).<\/p>\n<p>Ko bodo opravili s tem alpskim velikanom, sledi dolg, skoraj 35 km dolg spust do Mizoena, potem pa \u0161e zadnji del etape, ko se bodo najprej povpzeli do Sarenna (12,8 km, 7,3 %).<\/p>\n<p>Po kraj\u0161em spustu se bo etapa nato kon\u010dala s kratkim vzponom na Alpe d&#8217;Huez.<\/p>\n<p>Predzadnja etapa Toura se bo za\u010dela ob 11.30, najbolj\u0161i naj bi ciljno \u010drto pre\u010dkali pet ur pozneje, torej okrog 16.30. Dogajanje bomo ves \u010das spremljali v aplikaciji MMC\u017eivo, etapo pa si boste lahko v neposrednem prenosu na TV SLO 2 in na MMC-ju ogledali od 13.30 dalje. Vabljeni v na\u0161o dru\u017ebo!<\/p>\n<p>\t\t\t\tDavid \u010crmelj o slovenskih navija\u010dih in vzdu\u0161ju na Alpe d&#8217;Huezu<\/p>\n<p>\t\t\t\t\tV \u017eivo &#8211; TV Slovenija 2<\/p>\n<p>Oglas<\/p>\n","protected":false},"excerpt":{"rendered":"Tadej Poga\u010dar ima v skupnem se\u0161tevku 7:11 prednosti pred drugouvr\u0161\u010denim Remcom Evenepoelom. Foto: Reuters Prerez 20., kraljevske etape&hellip;\n","protected":false},"author":2,"featured_media":169957,"comment_status":"","ping_status":"","sticky":false,"template":"","format":"standard","meta":{"footnotes":"","_share_on_mastodon":"0"},"categories":[20],"tags":[43886,38802,43888,3248,32417,43890,32,618,43887,35,31,34,36,43891,37,38,43889,33],"class_list":["post-169956","post","type-post","status-publish","format-standard","has-post-thumbnail","category-novice","tag-20-etapa","tag-alpe-dhuez","tag-croix-de-fer","tag-dirka-po-franciji","tag-dirka-po-franciji-2026","tag-galibier","tag-headlines","tag-kolesarstvo","tag-kraljevska-etapa","tag-najpomembnejse-novice","tag-news","tag-novice","tag-osrednje-novice","tag-sarenne","tag-slovene","tag-slovenscina","tag-telegraphe","tag-top-stories"],"share_on_mastodon":{"url":"https:\/\/pubeurope.com\/@si\/116979668466447778","error":""},"_links":{"self":[{"href":"https:\/\/www.europesays.com\/si\/wp-json\/wp\/v2\/posts\/169956","targetHints":{"allow":["GET"]}}],"collection":[{"href":"https:\/\/www.europesays.com\/si\/wp-json\/wp\/v2\/posts"}],"about":[{"href":"https:\/\/www.europesays.com\/si\/wp-json\/wp\/v2\/types\/post"}],"author":[{"embeddable":true,"href":"https:\/\/www.europesays.com\/si\/wp-json\/wp\/v2\/users\/2"}],"replies":[{"embeddable":true,"href":"https:\/\/www.europesays.com\/si\/wp-json\/wp\/v2\/comments?post=169956"}],"version-history":[{"count":0,"href":"https:\/\/www.europesays.com\/si\/wp-json\/wp\/v2\/posts\/169956\/revisions"}],"wp:featuredmedia":[{"embeddable":true,"href":"https:\/\/www.europesays.com\/si\/wp-json\/wp\/v2\/media\/169957"}],"wp:attachment":[{"href":"https:\/\/www.europesays.com\/si\/wp-json\/wp\/v2\/media?parent=169956"}],"wp:term":[{"taxonomy":"category","embeddable":true,"href":"https:\/\/www.europesays.com\/si\/wp-json\/wp\/v2\/categories?post=169956"},{"taxonomy":"post_tag","embeddable":true,"href":"https:\/\/www.europesays.com\/si\/wp-json\/wp\/v2\/tags?post=169956"}],"curies":[{"name":"wp","href":"https:\/\/api.w.org\/{rel}","templated":true}]}}