{"id":170027,"date":"2026-07-25T10:15:15","date_gmt":"2026-07-25T10:15:15","guid":{"rendered":"https:\/\/www.europesays.com\/si\/170027\/"},"modified":"2026-07-25T10:15:15","modified_gmt":"2026-07-25T10:15:15","slug":"brata-pokojnega-chadwicka-bosemana-s-tozbo-nad-igralcevo-vdovo-starsem-ni-izplacala-niti-centa","status":"publish","type":"post","link":"https:\/\/www.europesays.com\/si\/170027\/","title":{"rendered":"Brata pokojnega Chadwicka Bosemana s to\u017ebo nad igral\u010devo vdovo: Star\u0161em ni izpla\u010dala niti centa"},"content":{"rendered":"<p>\t\t\t\t\t\t\t\t<a href=\"https:\/\/www.europesays.com\/si\/wp-content\/uploads\/2026\/07\/67063540.jpg\" itemprop=\"contentUrl\" data-size=\"1200x800\" data-large=\"https:\/\/www.europesays.com\/si\/wp-content\/uploads\/2026\/07\/67063540.jpg\"><br \/>\n\t\t\t\t\t\t\t\t\t<img decoding=\"async\" src=\"https:\/\/www.europesays.com\/si\/wp-content\/uploads\/2026\/07\/67063540.jpg\" title=\"Derrick Boseman, Taylor Simone Ledward in Kevin Boseman so se novembra lani sicer skupaj udele\u017eili odkritja Chadwickove zvezde na Plo\u010dniku slavnih, a je bilo jasno, da odnosi niso ravno prijateljski. Foto: AP\" alt=\"Derrick Boseman, Taylor Simone Ledward in Kevin Boseman so se novembra lani sicer skupaj udele\u017eili odkritja Chadwickove zvezde na Plo\u010dniku slavnih, a je bilo jasno, da odnosi niso ravno prijateljski. Foto: AP\"\/><br \/>\n\t\t\t\t\t\t\t\t<\/a><\/p>\n<p>\t\t\t\t\t\t\t\t\tDerrick Boseman, Taylor Simone Ledward in Kevin Boseman so se novembra lani sicer skupaj udele\u017eili odkritja Chadwickove zvezde na Plo\u010dniku slavnih, a je bilo jasno, da odnosi niso ravno prijateljski. Foto: AP<\/p>\n<p>\t\t\t\t\t\t\t<a id=\"preferredSourceBanner\" href=\"https:\/\/www.rtvslo.si\/zabava-in-slog\/znani\/brata-pokojnega-chadwicka-bosemana-s-tozbo-nad-igralcevo-vdovo-starsem-ni-izplacala-niti-centa\/javascript:void(0)\" target=\"_blank\" class=\"d-none align-items-center justify-content-between rounded my-3\" style=\"padding: 10px 15px;\" rel=\"nofollow noopener\"><br \/>\n\t\t\t\t\t\t<img decoding=\"async\" src=\"https:\/\/img.rtvslo.si\/_static\/novi\/img\/ico-google.svg\" class=\"flex-shrink-0 mr-3\" aria-hidden=\"true\"\/><br \/>\n\t\t\t\t\t\tSpremljajte RTVSLO.si kot prednostni vir na Google<\/p>\n<p>\t\t\t\t\t<\/a><\/p>\n<p>Zvezdnik \u010crnega panterja Chadwick Boseman je umrl avgusta 2020, pri le 43 letih, zaradi raka na debelem \u010drevesu. Ob smrti je bilo njegovo premo\u017eenje po poro\u010danju BBC-ja ocenjeno na 3,8 milijona ameri\u0161kih dolarjev (3,34 milijona evrov), a ker je igralec umrl brez oporoke, je premo\u017eenje razdelilo sodi\u0161\u010de.<\/p>\n<p>Oglas<\/p>\n<p>Polovica je pripadla Chadwickovi vdovi, Taylor Simone Ledward, polovico pa je sodi\u0161\u010de v enakih dele\u017eih razdelilo med njegova o\u010deta in mater, Leroya in Carolyn Boseman. A ta dva po \u0161estih letih \u0161e vedno nimata dostopa do tega premo\u017eenja, zdaj v to\u017ebi, ki sta jo vlo\u017eila v imenu svojih star\u0161ev, navajata Chadwickova brata Derrick in Kevin. <\/p>\n<p>\t\t\t\t\t\t\t\t<a href=\"https:\/\/www.europesays.com\/si\/wp-content\/uploads\/2026\/07\/67063537.jpg\" itemprop=\"contentUrl\" data-size=\"1200x800\" data-large=\"https:\/\/www.europesays.com\/si\/wp-content\/uploads\/2026\/07\/67063537.jpg\"><br \/>\n\t\t\t\t\t\t\t\t\t<img decoding=\"async\" src=\"https:\/\/www.europesays.com\/si\/wp-content\/uploads\/2026\/07\/67063537.jpg\" title=\"Precej bolj\u0161e volje sta bila brata Boseman med fotografiranjem s Chadwickovima igralskima kolegoma. Od leve proti desni: Derrick Boseman, Letitia Wright, Kevin Boseman in Michael B. Jordan. Foto: AP\" alt=\"Precej bolj\u0161e volje sta bila brata Boseman med fotografiranjem s Chadwickovima igralskima kolegoma. Od leve proti desni: Derrick Boseman, Letitia Wright, Kevin Boseman in Michael B. Jordan. Foto: AP\"\/><br \/>\n\t\t\t\t\t\t\t\t<\/a><\/p>\n<p>\t\t\t\t\t\t\t\t\tPrecej bolj\u0161e volje sta bila brata Boseman med fotografiranjem s Chadwickovima igralskima kolegoma. Od leve proti desni: Derrick Boseman, Letitia Wright, Kevin Boseman in Michael B. Jordan. Foto: AP<\/p>\n<p>V to\u017ebi zatrjujeta, da poleg tega Ledward \u0161e naprej izvaja enostranski nadzor nad zapu\u0161\u010dino in ne seznanja drugih dveh dedi\u010dev s posli in delovanjem podjetja, ki je bilo ustanovljeno za upravljanje njegove podobe in pravic.<\/p>\n<p>Brata trdita, da Ledward s svojim &#8220;neprimernim ravnanjem&#8221; povzro\u010da &#8220;trajno \u0161kodo&#8221; Bosemanovim ostarelim star\u0161em in jim onemogo\u010da dostop do finan\u010dnih sredstev &#8220;v ranljivem obdobju starosti, ko je tak\u0161na podpora najnujnej\u0161a&#8221;.<\/p>\n<p>&#8220;Poleg tega nepotrebno nadaljevanje teh postopkov prepre\u010duje dru\u017eini pokojnika, da bi se sprijaznila z izgubo, in povzro\u010da \u010dustveno stisko,&#8221; po poro\u010danju BBC-ja \u0161e pi\u0161e v to\u017ebi. &#8220;Predstavljajte si, da preklapljate med kanali in naletite na film, v katerem igra va\u0161 pokojni sin ali brat, ob zavedanju, da nekdo, ki ga ne poznate in mu ne zaupate, izkori\u0161\u010da njegovo podobo brez va\u0161ega vpliva ali soglasja,&#8221; sta v to\u017ebi svojo zahtevo obrazlo\u017eila brata Boseman.<\/p>\n<p>\t\t\t\t\t\t\t\t<a href=\"https:\/\/www.europesays.com\/si\/wp-content\/uploads\/2026\/07\/65695889.jpg\" itemprop=\"contentUrl\" data-size=\"1200x800\" data-large=\"https:\/\/www.europesays.com\/si\/wp-content\/uploads\/2026\/07\/65695889.jpg\"><br \/>\n\t\t\t\t\t\t\t\t\t<img decoding=\"async\" src=\"https:\/\/www.europesays.com\/si\/wp-content\/uploads\/2026\/07\/65695889.jpg\" title=\"Chadwick Boseman je svoj \u0161tiriletni boj z rakom skrival pred javnostjo, zato je bila novica, da je umrl, precej\u0161nje presene\u010denje. Star je bil namre\u010d komaj 43 let. Foto: AP\" alt=\"Chadwick Boseman je svoj \u0161tiriletni boj z rakom skrival pred javnostjo, zato je bila novica, da je umrl, precej\u0161nje presene\u010denje. Star je bil namre\u010d komaj 43 let. Foto: AP\"\/><br \/>\n\t\t\t\t\t\t\t\t<\/a><\/p>\n<p>\t\t\t\t\t\t\t\t\tChadwick Boseman je svoj \u0161tiriletni boj z rakom skrival pred javnostjo, zato je bila novica, da je umrl, precej\u0161nje presene\u010denje. Star je bil namre\u010d komaj 43 let. Foto: AP<\/p>\n<p>V izjavi za ameri\u0161ke medije sta brata Boseman zatrdila, da sta v imenu svojih star\u0161ev odlo\u010dena zagotoviti, da bodo pri re\u0161evanju zapleta klju\u010dni &#8220;preglednost, odgovornost in spo\u0161tovanje&#8221;. &#8220;Upava, da bo ta postopek prinesel jasnost, upo\u0161teval sodne odredbe in zagotovil odgovorno upravljanje Chadwickove zapu\u0161\u010dine,&#8221; sta sporo\u010dila Derrick in Kevin Boseman in zatrdila, da sta zavezana k dostojanstvenemu ohranjanju bratove zapu\u0161\u010dine &#8220;z integriteto in spo\u0161tovanjem&#8221;.<\/p>\n<p>Taylor Simone Ledward, sicer R&amp;B-pevka, ki ustvarja pod umetni\u0161kim imenom Sahn, in pokojni igralec, ki je svetovno slavo dosegel z vlogo kralja T&#8217;Challe, sta zvezo za\u010dela leta 2015, poro\u010dila pa sta se \u0161est dni pred igral\u010devo smrtjo. <\/p>\n<p>Oglas<\/p>\n","protected":false},"excerpt":{"rendered":"Derrick Boseman, Taylor Simone Ledward in Kevin Boseman so se novembra lani sicer skupaj udele\u017eili odkritja Chadwickove zvezde&hellip;\n","protected":false},"author":2,"featured_media":170028,"comment_status":"","ping_status":"","sticky":false,"template":"","format":"standard","meta":{"footnotes":"","_share_on_mastodon":"0"},"categories":[18],"tags":[43900,114,62,37,58,60,38,2269,24935,115,22195],"class_list":["post-170027","post","type-post","status-publish","format-standard","has-post-thumbnail","category-zabava","tag-chadwick-boseman","tag-entertainment","tag-si","tag-slovene","tag-slovenia","tag-slovenija","tag-slovenscina","tag-tozba","tag-vdova","tag-zabava","tag-zapuscina"],"share_on_mastodon":{"url":"https:\/\/pubeurope.com\/@si\/116980097171365846","error":""},"_links":{"self":[{"href":"https:\/\/www.europesays.com\/si\/wp-json\/wp\/v2\/posts\/170027","targetHints":{"allow":["GET"]}}],"collection":[{"href":"https:\/\/www.europesays.com\/si\/wp-json\/wp\/v2\/posts"}],"about":[{"href":"https:\/\/www.europesays.com\/si\/wp-json\/wp\/v2\/types\/post"}],"author":[{"embeddable":true,"href":"https:\/\/www.europesays.com\/si\/wp-json\/wp\/v2\/users\/2"}],"replies":[{"embeddable":true,"href":"https:\/\/www.europesays.com\/si\/wp-json\/wp\/v2\/comments?post=170027"}],"version-history":[{"count":0,"href":"https:\/\/www.europesays.com\/si\/wp-json\/wp\/v2\/posts\/170027\/revisions"}],"wp:featuredmedia":[{"embeddable":true,"href":"https:\/\/www.europesays.com\/si\/wp-json\/wp\/v2\/media\/170028"}],"wp:attachment":[{"href":"https:\/\/www.europesays.com\/si\/wp-json\/wp\/v2\/media?parent=170027"}],"wp:term":[{"taxonomy":"category","embeddable":true,"href":"https:\/\/www.europesays.com\/si\/wp-json\/wp\/v2\/categories?post=170027"},{"taxonomy":"post_tag","embeddable":true,"href":"https:\/\/www.europesays.com\/si\/wp-json\/wp\/v2\/tags?post=170027"}],"curies":[{"name":"wp","href":"https:\/\/api.w.org\/{rel}","templated":true}]}}