{"id":170302,"date":"2026-07-25T16:26:22","date_gmt":"2026-07-25T16:26:22","guid":{"rendered":"https:\/\/www.europesays.com\/si\/170302\/"},"modified":"2026-07-25T16:26:22","modified_gmt":"2026-07-25T16:26:22","slug":"carapaz-kralj-gora-in-kraljevske-etape-pogacar-popeljal-del-tora-do-stopnick-in-bele-majice-2","status":"publish","type":"post","link":"https:\/\/www.europesays.com\/si\/170302\/","title":{"rendered":"Carapaz kralj gora in kraljevske etape, Poga\u010dar popeljal del Tora do stopni\u010dk in bele majice"},"content":{"rendered":"<p>\t\t\t\t\t\t\t\t<a href=\"https:\/\/www.europesays.com\/si\/wp-content\/uploads\/2026\/07\/67063659.jpg\" itemprop=\"contentUrl\" data-size=\"1200x800\" data-large=\"https:\/\/www.europesays.com\/si\/wp-content\/uploads\/2026\/07\/67063659.jpg\"><br \/>\n\t\t\t\t\t\t\t\t\t<img decoding=\"async\" src=\"https:\/\/www.europesays.com\/si\/wp-content\/uploads\/2026\/07\/67063659.jpg\" title=\"Poga\u010dar in del Toro objeta v cilj. Rumena majica je dr\u017eala obljubo in ves dan pazila ter delala za belo majico in skupno tretje mesto. Foto: Reuters\" alt=\"Poga\u010dar in del Toro objeta v cilj. Rumena majica je dr\u017eala obljubo in ves dan pazila ter delala za belo majico in skupno tretje mesto. Foto: Reuters\"\/><br \/>\n\t\t\t\t\t\t\t\t<\/a><\/p>\n<p>\t\t\t\t\t\t\t\t\tPoga\u010dar in del Toro objeta v cilj. Rumena majica je dr\u017eala obljubo in ves dan pazila ter delala za belo majico in skupno tretje mesto. Foto: Reuters<\/p>\n<p>\t\t\t\t\t\t\t<a id=\"preferredSourceBanner\" href=\"https:\/\/www.rtvslo.si\/sport\/kolesarstvo\/dirka-po-franciji\/kraljevska-etapa-v-begu-dneva-peterica-pogacar-na-celu-kapetanov\/javascript:void(0)\" target=\"_blank\" class=\"d-none align-items-center justify-content-between rounded my-3\" style=\"padding: 10px 15px;\" rel=\"nofollow noopener\"><br \/>\n\t\t\t\t\t\t<img decoding=\"async\" src=\"https:\/\/img.rtvslo.si\/_static\/novi\/img\/ico-google.svg\" class=\"flex-shrink-0 mr-3\" aria-hidden=\"true\"\/><br \/>\n\t\t\t\t\t\tSpremljajte RTVSLO.si kot prednostni vir na Google<\/p>\n<p>\t\t\t\t\t<\/a><\/p>\n<p>Skupni zmagovalec 113. Dirke po Franciji je bil po legendarni in rekordni vo\u017enji Tadeja Poga\u010darja dokon\u010dno znan \u017ee v petek po koncu 19. etape na Alpe d&#8217;Huezu. Mitski vzpon je bil cilj \u0161e kraljevske etape, kjer pa ni manjkalo zapletov in pripetljajev.<\/p>\n<p>Oglas<\/p>\n<p>V 171 km se je med 20. etapo nabralo kar 5450 vi\u0161inskih metrov, za kar je Sepp Kuss kot najmo\u010dnej\u0161i ube\u017enik na klancih pla\u010dal ceno na spustu z zadnjega vzpona posebne kategorije. S prelaza Sarenne do skraj\u0161anega ciljnega klanca na Alpe d&#8217;Huez je Kuss padel kar dvakrat; prvi\u010d se je usedel na plo\u010dnik, drugi\u010d pa na betonsko ograjo nad prepadom (!).<\/p>\n<p>\t\t\t\tPo padcu Kussa vodstvo prevzel Carapaz<\/p>\n<p>\t\tCarapaz kralj gora Toura 2026<\/p>\n<p>Te\u017eave izmu\u010denega Ameri\u010dana je izkoristil neutrudni Richard Carapaz, ki je bil nagrajen za nepopustljivost, in se odpeljal mimo do zaklju\u010dnega in skraj\u0161anega vzpona na Alpe d&#8217;Huez. Iz ozadja je sicer napadel Remco Evenepoel, a prepozno.<\/p>\n<p>\t\t\t\t\t\t\t\t<a href=\"https:\/\/www.europesays.com\/si\/wp-content\/uploads\/2026\/07\/67063658.jpg\" itemprop=\"contentUrl\" data-size=\"1200x800\" data-large=\"https:\/\/www.europesays.com\/si\/wp-content\/uploads\/2026\/07\/67063658.jpg\"><br \/>\n\t\t\t\t\t\t\t\t\t<img decoding=\"async\" src=\"https:\/\/www.europesays.com\/si\/wp-content\/uploads\/2026\/07\/67063658.jpg\" title=\"Ne odneha in se ne preda. Richard Carapaz je najprej dobil boj za pik\u010dasto majico, na koncu pa tudi boj za etapno zmago na najte\u017eji etapi leto\u0161nje velike pentlje. Foto: Reuters\" alt=\"Ne odneha in se ne preda. Richard Carapaz je najprej dobil boj za pik\u010dasto majico, na koncu pa tudi boj za etapno zmago na najte\u017eji etapi leto\u0161nje velike pentlje. Foto: Reuters\"\/><br \/>\n\t\t\t\t\t\t\t\t<\/a><\/p>\n<p>\t\t\t\t\t\t\t\t\tNe odneha in se ne preda. Richard Carapaz je najprej dobil boj za pik\u010dasto majico, na koncu pa tudi boj za etapno zmago na najte\u017eji etapi leto\u0161nje velike pentlje. Foto: Reuters<\/p>\n<p>Ekvadorec, ki je med etapo tudi dokon\u010dno osvojil pik\u010dasto majico, je dosegel drugo etapno zmago na leto\u0161nji Dirki po Franciji. Evenepoel (2.; +0:26) je tik pred ciljem \u0161e ujel in prehitel Kussa (3.; +0:31) ter malce zmanj\u0161al skupni zaostanek za nespornim vladarjem Toura.<\/p>\n<p>&#8220;Kar te\u017eko verjamem, kaj mi je uspelo. Etapa je bila zame zelo zahtevna, saj sem si v prvi vrsti prizadeval priti do pik\u010daste majice, na koncu pa se je pokazala prilo\u017enost tudi za etapno zmago,&#8221; je Carapaz dejal v izjavi za organizatorje.<\/p>\n<p>&#8220;Mislim, da sem si zaradi svoje borbenosti zaslu\u017eil tole majico. Zame je bil zadnji teden Toura res \u010dudovit. \u017de v Barceloni sem vedel, da se tu ne bom boril za skupno razvrstitev. V glavi sem imel zato jasen cilj in uspelo nam je,&#8221; je zaklju\u010dil kapetan ameri\u0161ke ekipe EF Education EasyPost.<\/p>\n<p>\t\t\t\tZaklju\u010dek 20. etape Dirke po Franciji<\/p>\n<p>\t\tIzpolnjena obljuba: bela majica in oder za &#8220;bikca&#8221;<\/p>\n<p>Tadej Poga\u010dar (4.; +1:05) se je dr\u017eal napovedi in obljube, da bo na kraljevski etapi delal za svojega prijatelja in pomo\u010dnika Isaaca del Tora (5.; +1:05). Rumena majica je nenehno pazila in delala za belo majico, na koncu pa sta Slovenec in Mehi\u010dan objeta pri\u0161la v cilj, kjer je bilo potrjeno, da bo del Toro osvojil tako naziv najbolj\u0161ega mladega kolesarja kot kon\u010dal na skupno tretjem mestu. Na skraj\u0161ani zadnji etapi v Pariz bosta na odru tako kar dva kolesarja UAE-ja, osvojili pa bodo skupna se\u0161tevka v absolutni konkurenci in do 25 let.<\/p>\n<p>\t\t\t\tPogovor s Poga\u010darjem po 20. etapi<\/p>\n<p>Z narekovanjem ostrega tempa na zadnjem kategoriziranem vzponu na prelaz Sarenne je Poga\u010dar odbil na\u010drt Decathlona, da bi napadli del Tora. Vendar Paul Seixas ni bil kos izzivu, 19-letni Francoz je popustil in ni ve\u010d ogro\u017eal Mehi\u010dana. Kljub temu je Pogi vse do cilja neutrudno delal in vlekel &#8220;Torita&#8221;, tudi ob skoku Evenepoela se ni pustil zapeljati in spustiti v boj za novo etapno zmago.<\/p>\n<p>\t\t\t\t\t\t\t\t<a href=\"https:\/\/www.europesays.com\/si\/wp-content\/uploads\/2026\/07\/67063670.jpg\" itemprop=\"contentUrl\" data-size=\"1200x800\" data-large=\"https:\/\/www.europesays.com\/si\/wp-content\/uploads\/2026\/07\/67063670.jpg\"><br \/>\n\t\t\t\t\t\t\t\t\t<img decoding=\"async\" src=\"https:\/\/www.europesays.com\/si\/wp-content\/uploads\/2026\/07\/67063670.jpg\" title=\"En dan podira rekorde in premika mejnike, naslednji dan dela za prijatelja, pomo\u010dnika in morebitnega naslednika. V nedeljo pa Poga\u010darja \u010dakata peto kronanje in izena\u010denje rekorda po \u0161tevilu skupnih zmag. Foto: Reuters\" alt=\"En dan podira rekorde in premika mejnike, naslednji dan dela za prijatelja, pomo\u010dnika in morebitnega naslednika. V nedeljo pa Poga\u010darja \u010dakata peto kronanje in izena\u010denje rekorda po \u0161tevilu skupnih zmag. Foto: Reuters\"\/><br \/>\n\t\t\t\t\t\t\t\t<\/a><\/p>\n<p>\t\t\t\t\t\t\t\t\tEn dan podira rekorde in premika mejnike, naslednji dan dela za prijatelja, pomo\u010dnika in morebitnega naslednika. V nedeljo pa Poga\u010darja \u010dakata peto kronanje in izena\u010denje rekorda po \u0161tevilu skupnih zmag. Foto: Reuters<\/p>\n<p>\t\t\t\t\t\t\tKako bo pa za konec v Parizu?<\/p>\n<p>Evenepoel je sicer za 45 sekund zmanj\u0161al zaostanek, a ob razliki 6:26 ni dvoma, da bo skupno zmago na 113. Dirki po Franciji slavil Poga\u010dar. A ker bo zadnja etapa zaradi preobremenjenosti policije in gasilcev skraj\u0161ana na vsega 89 km, se mogo\u010de rumena majica v Parizu tudi drugo leto zapored prek trikratnega vzpona na Montmartre spusti v boj za presti\u017eno etapno zmago na Elizejskih poljanah.<\/p>\n<p>Bo Pogi znova juri\u0161al na pari\u0161kih kockah? &#8220;Tega se bojim,&#8221; je bil odkrit kolesarski o\u010de prvega kolesarja sveta Andrej Hauptman.<\/p>\n<p>\t\t\t\tPogovor z Andrejem Hauptmanom po 20. etapi<\/p>\n<p>Podo\u017eivite kraljevsko 20. etapo z aplikacijo MMC\u017eivo:<\/p>\n<p>Film 20. etape:<\/p>\n<p>Pedersen dokon\u010dno lastnik zelene majice<br \/>\n\t\t\t\t\t\t\t\t<a href=\"https:\/\/www.europesays.com\/si\/wp-content\/uploads\/2026\/07\/67063621.jpg\" itemprop=\"contentUrl\" data-size=\"1200x800\" data-large=\"https:\/\/www.europesays.com\/si\/wp-content\/uploads\/2026\/07\/67063621.jpg\"><br \/>\n\t\t\t\t\t\t\t\t\t<img decoding=\"async\" src=\"https:\/\/www.europesays.com\/si\/wp-content\/uploads\/2026\/07\/67063621.jpg\" title=\"Mads Pedersen je za ekipo Lidl Trek ubranil lansko zeleno majico, ki jo je osvojil sprinter Jonathan Milan. Danec je najve\u010d to\u010dk nabral z uspehi na lete\u010dih ciljih, dobil pa je tudi 4. etapo. Pedersen je predtem zeleno majico za najbolj\u0161ega sprinterja \u017ee osvojil dvakrat na Dirki po \u0160paniji v letih 2022 in 2025. Foto: Reuters\" alt=\"Mads Pedersen je za ekipo Lidl Trek ubranil lansko zeleno majico, ki jo je osvojil sprinter Jonathan Milan. Danec je najve\u010d to\u010dk nabral z uspehi na lete\u010dih ciljih, dobil pa je tudi 4. etapo. Pedersen je predtem zeleno majico za najbolj\u0161ega sprinterja \u017ee osvojil dvakrat na Dirki po \u0160paniji v letih 2022 in 2025. Foto: Reuters\"\/><br \/>\n\t\t\t\t\t\t\t\t<\/a><\/p>\n<p>\t\t\t\t\t\t\t\t\tMads Pedersen je za ekipo Lidl Trek ubranil lansko zeleno majico, ki jo je osvojil sprinter Jonathan Milan. Danec je najve\u010d to\u010dk nabral z uspehi na lete\u010dih ciljih, dobil pa je tudi 4. etapo. Pedersen je predtem zeleno majico za najbolj\u0161ega sprinterja \u017ee osvojil dvakrat na Dirki po \u0160paniji v letih 2022 in 2025. Foto: Reuters<\/p>\n<p>Kraljevska etapa se je za\u010dela z vzponom na prelaz Croix de Fer (klanec ekstra kategorije, 24 km pri 5,2-odstotni povpre\u010dni naklonini), kjer so se napadalci \u017ee oddaljili in s tem za\u010deli krojiti beg dneva. Sledil je spust vse do Saint-Julien-Mont-Denisa, kjer je bil lete\u010di cilj. Mads Pedersen je z izredno vo\u017enjo po gorah znova pri\u0161el v beg in pobral 25 to\u010dk ter s tem dokon\u010dno odlo\u010dil dvoboj za zeleno majico.<\/p>\n<p>Danec ima namre\u010d 82 to\u010dk prednosti pred Jasperjem Philipsenom, zadnji dan v Parizu pa je na voljo skupaj najve\u010d 75 to\u010dk. 30-letni zvezdnik ekipe Lidl Trek mora samo \u0161e varno  pre\u010dkati ciljno \u010drto na Elizejskih poljanah.<\/p>\n<p>Carapaz drugi\u010d najbolj\u0161i hribolazec Toura<\/p>\n<p>Kmalu zatem se je za\u010del vzpon na prelaz prve kategorije, Col du Telegraphe (11,9 km pri 7,1-odstotni povpre\u010dni naklonini). Po kraj\u0161em spustu do Valloirja je sledil peklenski vzpon na Galibier (17,7 km pri 6,9-odsotni naklonini).<\/p>\n<p>Pri tem se je na prvih treh vzponih dneva odvijal dvoboj Richard Carapaz \u2013 Valentin Paret-Peintre za pik\u010dasto majico. Francoz je popustil na maratonskem dvojnem vzponu Telegraphe-Galibier in 33-letni kapetan ekipe EF Education EasyPost se je odpeljal proti osvojitvi presti\u017enega naziva najbolj\u0161ega hribolazca na Touru 2026.<\/p>\n<p>\t\t\t\t\t\t\t\t<a href=\"https:\/\/www.europesays.com\/si\/wp-content\/uploads\/2026\/07\/67063633.jpg\" itemprop=\"contentUrl\" data-size=\"1200x800\" data-large=\"https:\/\/www.europesays.com\/si\/wp-content\/uploads\/2026\/07\/67063633.jpg\"><br \/>\n\t\t\t\t\t\t\t\t\t<img decoding=\"async\" src=\"https:\/\/www.europesays.com\/si\/wp-content\/uploads\/2026\/07\/67063633.jpg\" title=\"Richard Carapaz je po letu 2024 \u0161e drugi\u010d postal najbolj\u0161i hribolazec Dirke po Franciji, ob tem pa dobil dve etapi in postal Ju\u017enoameri\u010dan z najve\u010d zmagami na tritedenskih dirkah (10). Foto: AP\" alt=\"Richard Carapaz je po letu 2024 \u0161e drugi\u010d postal najbolj\u0161i hribolazec Dirke po Franciji, ob tem pa dobil dve etapi in postal Ju\u017enoameri\u010dan z najve\u010d zmagami na tritedenskih dirkah (10). Foto: AP\"\/><br \/>\n\t\t\t\t\t\t\t\t<\/a><\/p>\n<p>\t\t\t\t\t\t\t\t\tRichard Carapaz je po letu 2024 \u0161e drugi\u010d postal najbolj\u0161i hribolazec Dirke po Franciji, ob tem pa dobil dve etapi in postal Ju\u017enoameri\u010dan z najve\u010d zmagami na tritedenskih dirkah (10). Foto: AP<\/p>\n<p>\t\t\t\t\t\t\tPrelaz Sarenne, dolg spust in skraj\u0161ani Alpe d&#8217;Huez<\/p>\n<p>Ko so opravili z najvi\u0161jo to\u010dko leto\u0161nje velike pentlje, je sledil dolg, 35 kilometrov dolg spust do Mizoena, potem pa se je za\u010del \u0161e zadnji del etape z vzponom na prelaz Sarenne (12,8 km, 7,3-odstotni naklon).<\/p>\n<p>V ospredju se je odvijal troboj ube\u017enikov Sepp Kuss, Jai Hindley in Richard Carapaz. Na spustu je kapetane vodil sam Poga\u010dar, a sredi vzpona na Sarenne je vajeti prevzela ekipa Decathlon, ki je \u017eelela izzvati del Tora in pripeljati Seixasa do bele majice in skupnega tretjega mesta.<\/p>\n<p>Kussova velika smola, a tudi sre\u010da<\/p>\n<p>Vendar po pripravi ni bilo napada 19-letnega Francoza, na kar je UAE odgovoril s pospe\u0161kom del Tora, in naprej so se odpeljali trije najmo\u010dnej\u0161i kolesarji leto\u0161njega Toura. Najstnik Seixas je etapo kon\u010dal na 10. mestu, minuto in 50 sekund za del Torom.<\/p>\n<p>Na kraj\u0161em spustu se je etapa dramati\u010dno zapletla: izmu\u010deni Sepp Kuss je kar dvakrat padel, pri tem pa imel tudi obilo sre\u010de, da ob manj\u0161i hitrosti ni bilo huj\u0161ih posledic, zlasti ko se je naslonil na ograjo nad prepadom. Ob te\u017eavah Kussa je vodstvo na spustu znova prevzel Richard Carapaz in se na skraj\u0161anem vzponu na Alpe d&#8217;Huez odpeljal proti drugi etapni zmagi letos. Evenepoel je sko\u010dil, a prepozno, da bi \u0161e ujel neverjetnega Ekvadorca, pravega kralja gora in zmagovalca kraljevske etape.<\/p>\n<p>113. DIRKA PO FRANCIJI20. ETAPA: Le Bourg d&#8217;Oisans\u2013Alpe d&#8217;Huez, 170,9 km:  1. R. CARAPAZ          EKV   4:59:39<br \/>\n  2. R. EVENEPOEL        BEL     +0:26<br \/>\n  3. S. KUSS             ZDA      0:31<br \/>\n  4. T. POGA\u010cAR          SLO      1:05<br \/>\n  5. I. DEL TORO         MEH  isti \u010das<br \/>\n  6. L. MARTINEZ         FRA      1:07<br \/>\n  7. J. HINDLEY          AVS      2:15<br \/>\n  8. M. SKJELMOSE        DAN      2:55<br \/>\n  9. J. AYUSO            \u0160PA      isti<br \/>\n 10. P. SEIXAS           FRA       \u010das<br \/>\n&#8230;<br \/>\n 63. J. TRATNIK          SLO     36:30<br \/>\n102. M. MOHORI\u010c          SLO     39:48 <\/p>\n<p>\t\t\t\t\t\t\t\t\t<a href=\"https:\/\/www.europesays.com\/si\/wp-content\/uploads\/2026\/07\/67063607.jpg\" data-size=\"1200x800\"><br \/>\n\t\t\t\t\t\t\t\t\t\t<img decoding=\"async\" src=\"https:\/\/www.europesays.com\/si\/wp-content\/uploads\/2026\/07\/67063607.jpg\" class=\"lazy\" alt=\" Foto: Reuters\"\/><br \/>\n\t\t\t\t\t\t\t\t\t<\/a><br \/>\n\t\t\t\t\t\t\t\t\t Foto: Reuters<\/p>\n<p>\t\t\t\t\t\t\t\t\t<a href=\"https:\/\/www.europesays.com\/si\/wp-content\/uploads\/2026\/07\/67063606.jpg\" data-size=\"1200x800\"><br \/>\n\t\t\t\t\t\t\t\t\t\t<img decoding=\"async\" src=\"https:\/\/www.europesays.com\/si\/wp-content\/uploads\/2026\/07\/67063606.jpg\" class=\"lazy\" alt=\" Foto: Reuters\"\/><br \/>\n\t\t\t\t\t\t\t\t\t<\/a><br \/>\n\t\t\t\t\t\t\t\t\t Foto: Reuters<\/p>\n<p>\t\t\t\t\t\t\t\t\t<a href=\"https:\/\/www.europesays.com\/si\/wp-content\/uploads\/2026\/07\/67063605.jpg\" data-size=\"1200x800\"><br \/>\n\t\t\t\t\t\t\t\t\t\t<img decoding=\"async\" src=\"https:\/\/www.europesays.com\/si\/wp-content\/uploads\/2026\/07\/67063605.jpg\" class=\"lazy\" alt=\" Foto: Reuters\"\/><br \/>\n\t\t\t\t\t\t\t\t\t<\/a><br \/>\n\t\t\t\t\t\t\t\t\t Foto: Reuters<\/p>\n<p>\t\t\t\t\t\t\t\t\t<a href=\"https:\/\/www.europesays.com\/si\/wp-content\/uploads\/2026\/07\/67063604.jpg\" data-size=\"1200x800\"><br \/>\n\t\t\t\t\t\t\t\t\t\t<img decoding=\"async\" src=\"https:\/\/www.europesays.com\/si\/wp-content\/uploads\/2026\/07\/67063604.jpg\" class=\"lazy\" alt=\" Foto: Reuters\"\/><br \/>\n\t\t\t\t\t\t\t\t\t<\/a><br \/>\n\t\t\t\t\t\t\t\t\t Foto: Reuters<\/p>\n<p>\t\t\tSKUPNI VRSTNI RED, po 20. etapi (od 21):  1. T. POGA\u010cAR          SLO  67:53:00<br \/>\n  2. R. EVENEPOEL        BEL     +6:26<br \/>\n  3. I. DEL TORO         MEH      9:42<br \/>\n  4. P. SEIXAS           FRA     11:56<br \/>\n  5. L. MARTINEZ         FRA     13:02<br \/>\n  6. M. SKJELMOSE        DAN     14:59<br \/>\n  7. J. AYUSO            \u0160PA     17:48<br \/>\n  8. R. CARAPAZ          EKV     20:00<br \/>\n  9. T. PIDCOCK           VB     29:28<br \/>\n 10. J. JEGAT            FRA     33:21<br \/>\n &#8230;<br \/>\n 77. J. TRATNIK          SLO   4:34:24<br \/>\n 84. M. MOHORI\u010c          SLO   4:44:30 Zelena majica po 20. etapi:Mads Pedersen (DAN\/TLK) 527 to\u010dkJasper Philipsen (BEL\/APT) 445Biniam Girmay (ERI\/NSN) 361Pik\u010dasta majica po 20. etapi:Richard Carapaz (EKV\/EFE) 156 to\u010dkTadej Poga\u010dar (SLO\/UAX) 100Valentin Paret-Peintre (FRA\/SQS) 90<\/p>\n<p>Oglas<\/p>\n","protected":false},"excerpt":{"rendered":"Poga\u010dar in del Toro objeta v cilj. Rumena majica je dr\u017eala obljubo in ves dan pazila ter delala&hellip;\n","protected":false},"author":2,"featured_media":170290,"comment_status":"","ping_status":"","sticky":false,"template":"","format":"standard","meta":{"footnotes":"","_share_on_mastodon":"0"},"categories":[20],"tags":[43886,38802,43888,3248,32417,43890,32,618,43887,35,31,34,36,43891,37,38,43889,33],"class_list":["post-170302","post","type-post","status-publish","format-standard","has-post-thumbnail","category-novice","tag-20-etapa","tag-alpe-dhuez","tag-croix-de-fer","tag-dirka-po-franciji","tag-dirka-po-franciji-2026","tag-galibier","tag-headlines","tag-kolesarstvo","tag-kraljevska-etapa","tag-najpomembnejse-novice","tag-news","tag-novice","tag-osrednje-novice","tag-sarenne","tag-slovene","tag-slovenscina","tag-telegraphe","tag-top-stories"],"share_on_mastodon":{"url":"https:\/\/pubeurope.com\/@si\/116981556373935589","error":""},"_links":{"self":[{"href":"https:\/\/www.europesays.com\/si\/wp-json\/wp\/v2\/posts\/170302","targetHints":{"allow":["GET"]}}],"collection":[{"href":"https:\/\/www.europesays.com\/si\/wp-json\/wp\/v2\/posts"}],"about":[{"href":"https:\/\/www.europesays.com\/si\/wp-json\/wp\/v2\/types\/post"}],"author":[{"embeddable":true,"href":"https:\/\/www.europesays.com\/si\/wp-json\/wp\/v2\/users\/2"}],"replies":[{"embeddable":true,"href":"https:\/\/www.europesays.com\/si\/wp-json\/wp\/v2\/comments?post=170302"}],"version-history":[{"count":0,"href":"https:\/\/www.europesays.com\/si\/wp-json\/wp\/v2\/posts\/170302\/revisions"}],"wp:featuredmedia":[{"embeddable":true,"href":"https:\/\/www.europesays.com\/si\/wp-json\/wp\/v2\/media\/170290"}],"wp:attachment":[{"href":"https:\/\/www.europesays.com\/si\/wp-json\/wp\/v2\/media?parent=170302"}],"wp:term":[{"taxonomy":"category","embeddable":true,"href":"https:\/\/www.europesays.com\/si\/wp-json\/wp\/v2\/categories?post=170302"},{"taxonomy":"post_tag","embeddable":true,"href":"https:\/\/www.europesays.com\/si\/wp-json\/wp\/v2\/tags?post=170302"}],"curies":[{"name":"wp","href":"https:\/\/api.w.org\/{rel}","templated":true}]}}