{"id":170713,"date":"2026-07-26T06:34:11","date_gmt":"2026-07-26T06:34:11","guid":{"rendered":"https:\/\/www.europesays.com\/si\/170713\/"},"modified":"2026-07-26T06:34:11","modified_gmt":"2026-07-26T06:34:11","slug":"nove-tezave-v-zaporu-dobrunje-tokrat-odpovedale-nadzorne-kamere","status":"publish","type":"post","link":"https:\/\/www.europesays.com\/si\/170713\/","title":{"rendered":"Nove te\u017eave v zaporu Dobrunje, tokrat odpovedale nadzorne kamere"},"content":{"rendered":"<p>Potem ko je v zaporu Dobrunje odpadel omet, so se zdaj pojavile \u0161e te\u017eave z nadzornimi kamerami. Pri delu kamer so namre\u010d v okviru rednih pregledov ugotovili proizvodno napako.<\/p>\n<p>Kot so za \u017durnal24 pojasnili na Upravi RS za izvr\u0161evanje kazenskih sankcij (URSIKS), napaka sicer ni vplivala na delovanje videonadzornega sistema, so pa se vseeno odlo\u010dili za preventivno zamenjavo vseh kamer tega modela.<\/p>\n<p>&#8220;V okviru rednih pregledov tehni\u010dnih sistemov je bila pri delu kamer ugotovljena proizvodna napaka, ki sicer ni vplivala na delovanje videonadzornega sistema,&#8221; so pojasnili na URSIKS.<\/p>\n<p>Na to, da naj bi pri\u0161lo do okvar na nekaterih kamerah, nas je opozoril na\u0161 vir.\u00a0Dobavitelj je zaradi specifike objekta v okviru reklamacijskega postopka odobril preventivno zamenjavo vseh kamer tega modela. Zamenjava je bila izvedena na stro\u0161ke izvajalca, so dodali, niso pa \u017eeleli pojasniti, kdo je kamere dobavil oz. kdo je bil izvajalec del.<\/p>\n<p>Na URSIKS sicer podrobnosti o tem, kak\u0161na je bila proizvodna napaka in koliko kamer je bilo z njo prizadetih, ne razkrivajo. &#8220;Podrobnosti o tehni\u010dnih re\u0161itvah in delovanju varnostnih sistemov pa zaradi zagotavljanja varnosti objekta ne moremo javno komentirati,&#8221; so zapisali.<\/p>\n<p>Nov zaplet po odpadanju ometa<\/p>\n<p>Nova informacija prihaja v \u010dasu, ko je nov zapor v Dobrunjah \u017ee spremljalo ve\u010d zapletov. Objekt, ki je bil zgrajen kot ena najve\u010djih investicij slovenskega pravosodja, je bil dele\u017een pozornosti tudi zaradi tehni\u010dnih te\u017eav: \u017ee smo poro\u010dali,\u00a0da je kmalu po odprtju zapora <a href=\"https:\/\/www.zurnal24.si\/slovenija\/sele-otvorili-so-ga-in-ze-se-je-utrgal-strop-460864\" target=\"_blank\" rel=\"nofollow noopener\">z dela stropa odpadel omet<\/a>. Primer je spro\u017eil vpra\u0161anja o kakovosti izvedenih del in o tem, kako je mogo\u010de, da se v novem objektu, ki naj bi predstavljal sodoben standard slovenskega zaporskega sistema, pojavijo tak\u0161ne te\u017eave. \u0160e pred tem se je zapletalo pri pridobitvi uporabnega dovoljenja, in sicer zaradi neustreznega odvoza odpadkov.<\/p>\n<p>Iz gradbene jame za zapor Dobrunje je bilo namre\u010d mimo pravil odlo\u017eenih za 840 tovornjakov gradbenih odpadkov, po 20 do 25 ton na tovornjak. Med njimi je bilo 10 odstotkov nevarnih za zdravje. Odpadke naj bi razvozili na 32 do 34 lokacij po Sloveniji. V okviru in\u0161pekcijskih postopkov naj bi jih bilo doslej preiskanih in uradno potrjenih \u0161est, skupno pa naj bi zaradi nepravilnega odlaganja teklo 19 in\u0161pekcijskih postopkov. Ve\u010d o tem <a href=\"https:\/\/www.zurnal24.si\/slovenija\/zapor-dobrunje-nevarni-odpadki-gradbisce-tovornjaki-454142\" target=\"_blank\" rel=\"nofollow noopener\">tukaj<\/a>.<\/p>\n<p>Zapor v Dobrunjah je bil tako uradno odprt \u0161ele maja letos. Sprejme lahko 388 zaprtih oseb, njegova vrednost pa je skupaj z DDV zna\u0161ala pribli\u017eno 86,5 milijona evrov. Gre za prvi nov zapor v Sloveniji po letu 2005 in za projekt, s katerim naj bi dr\u017eava pomembno razbremenila prostorsko stisko v ljubljanskem zaporu na Pov\u0161etovi.<\/p>\n<p>dezurni@styria-media.si<\/p>\n","protected":false},"excerpt":{"rendered":"Potem ko je v zaporu Dobrunje odpadel omet, so se zdaj pojavile \u0161e te\u017eave z nadzornimi kamerami. Pri&hellip;\n","protected":false},"author":2,"featured_media":170714,"comment_status":"","ping_status":"","sticky":false,"template":"","format":"standard","meta":{"footnotes":"","_share_on_mastodon":"0"},"categories":[6],"tags":[7221,6441,4771,59,61,62,37,58,60,38,2415],"class_list":["post-170713","post","type-post","status-publish","format-standard","has-post-thumbnail","category-slovenija","tag-dobrunje","tag-kamere","tag-napaka","tag-republic-of-slovenia","tag-republika-slovenija","tag-si","tag-slovene","tag-slovenia","tag-slovenija","tag-slovenscina","tag-zapor"],"share_on_mastodon":{"url":"https:\/\/pubeurope.com\/@si\/116984890374704605","error":""},"_links":{"self":[{"href":"https:\/\/www.europesays.com\/si\/wp-json\/wp\/v2\/posts\/170713","targetHints":{"allow":["GET"]}}],"collection":[{"href":"https:\/\/www.europesays.com\/si\/wp-json\/wp\/v2\/posts"}],"about":[{"href":"https:\/\/www.europesays.com\/si\/wp-json\/wp\/v2\/types\/post"}],"author":[{"embeddable":true,"href":"https:\/\/www.europesays.com\/si\/wp-json\/wp\/v2\/users\/2"}],"replies":[{"embeddable":true,"href":"https:\/\/www.europesays.com\/si\/wp-json\/wp\/v2\/comments?post=170713"}],"version-history":[{"count":0,"href":"https:\/\/www.europesays.com\/si\/wp-json\/wp\/v2\/posts\/170713\/revisions"}],"wp:featuredmedia":[{"embeddable":true,"href":"https:\/\/www.europesays.com\/si\/wp-json\/wp\/v2\/media\/170714"}],"wp:attachment":[{"href":"https:\/\/www.europesays.com\/si\/wp-json\/wp\/v2\/media?parent=170713"}],"wp:term":[{"taxonomy":"category","embeddable":true,"href":"https:\/\/www.europesays.com\/si\/wp-json\/wp\/v2\/categories?post=170713"},{"taxonomy":"post_tag","embeddable":true,"href":"https:\/\/www.europesays.com\/si\/wp-json\/wp\/v2\/tags?post=170713"}],"curies":[{"name":"wp","href":"https:\/\/api.w.org\/{rel}","templated":true}]}}