{"id":171244,"date":"2026-07-26T18:27:07","date_gmt":"2026-07-26T18:27:07","guid":{"rendered":"https:\/\/www.europesays.com\/si\/171244\/"},"modified":"2026-07-26T18:27:07","modified_gmt":"2026-07-26T18:27:07","slug":"dobili-medvedovarne-smetnjake-a-edina-resitev-kot-pravijo-ostaja-reden-odstrel-medvedov","status":"publish","type":"post","link":"https:\/\/www.europesays.com\/si\/171244\/","title":{"rendered":"Dobili medvedovarne smetnjake, a edina re\u0161itev, kot pravijo, ostaja reden odstrel medvedov?"},"content":{"rendered":"<p class=\"wp-block-paragraph\">Ministrstvo za okolje in prostor (MOP) je sporo\u010dilo, da so \u0161tiri ob\u010dine: Brezovica, \u010crnomelj, Lo\u0161ki Potok in Sodra\u017eica, junija in julija letos vzpostavile 48 kompozicij medvedovarnih smetnjakov.<\/p>\n<p class=\"wp-block-paragraph\">\u00bbGre za zgleden primer dobrega sodelovanja med dr\u017eavo, strokovnimi institucijami in lokalnimi skupnostmi. A z rjavim medvedom bomo uspe\u0161no sobivali le, \u010de bomo preventivne ukrepe povezali z rednim in aktivnim upravljanjem populacije, kar je nedavno potrdilo tudi upravno sodi\u0161\u010de,\u00ab je povedal direktor Zavoda za gozdove Slovenije, Gregor Danev.<\/p>\n<p>Dr\u017eava \u017eeli zagotoviti varno sobivanje?<\/p>\n<p class=\"wp-block-paragraph\">Spomnimo Upravno sodi\u0161\u010de RS je sredi meseca pravnomo\u010dno potrdilo zakonitost dovoljenja za <a href=\"https:\/\/www.ekodezela.si\/eko-aktualno\/sodisce-dalo-zeleno-luc-za-odstrel-206-medvedov\/\" rel=\"nofollow noopener\" target=\"_blank\">odvzem 206 rjavih medvedov<\/a> iz narave, ki ga je maja 2025 izdalo takratno Ministrstvo za naravne vire in prostor.<\/p>\n<p class=\"wp-block-paragraph\">S tem je zavrnilo to\u017ebo dru\u0161tva Alpe Adria Green (AAG), prenehala pa je tudi za\u010dasna prepoved izvajanja odstrela. Dovoljenje velja do 31. decembra 2026.\u00a0<\/p>\n<p class=\"wp-block-paragraph\">Upravljanje populacije rjavega medveda v Sloveniji, ki je poleg drugih velikih zveri (volk, ris) v pristojnosti MOP, je usmerjeno v njeno dolgoro\u010dno ohranitev in hkrati v zagotavljanje \u010dim varnej\u0161ega sobivanja z lokalnim prebivalstvom. Poleg varovanja \u010dlovekovega premo\u017eenja in ozave\u0161\u010danja so pomembni tudi preventivni ukrepi, med katere sodi tudi ustrezno ravnanje z odpadki.<\/p>\n<p class=\"wp-block-paragraph\">U\u010dinkovitost smetnjakov je odvisna tudi od uporabnikov, so poudarili na pristojnem ministrstvu. Pokrove je treba po uporabi dosledno zapirati, odpadkov pa ne pu\u0161\u010dati ob zabojnikih.<\/p>\n<p class=\"wp-block-paragraph\">\u00bbS skupnim odgovornim ravnanjem lahko zmanj\u0161amo privabljanje medvedov v naselja ter prispevamo k varnej\u0161emu sobivanju ljudi in velikih zveri,\u00ab je povzela mag. Tanja Bolte iz MOP.<\/p>\n<p>\u201c\u010ci\u0161\u010denje\u201d gozdov res prispeva k ve\u010dji varnosti?<\/p>\n<p class=\"wp-block-paragraph\">Medtem ko dr\u017eava vztraja pri povezovanju preventivnih ukrepov z aktivnim upravljanjem populacije, pa Jadranka Juras, pevka in borka za pravice \u017eivali, opozarja na nesorazmerje. Skrbi za varnost ljudi je postavila v kontekst.<\/p>\n<p class=\"wp-block-paragraph\">Na svojem Facebook profilu je zapisala, da je lani v prometnih nesre\u010dah \u017eivljenje izgubilo 95 ljudi; leta 2023 je storilo samomor 363 ljudi in je zaradi bolezni ter stanj, ki so neposredna posledica u\u017eivanja alkohola umrlo med 800-1000 ljudi; zaradi prevelikega odmerka drog vsako leto umre med 70-90 ljudi; lani pa je zaradi femicida umrlo 6 \u017eensk.<\/p>\n<p class=\"wp-block-paragraph\">\u00bbV celotni uradno zabele\u017eeni zgodovini v Sloveniji so dokumentirani le 3 primeri, ko je napad medveda zahteval \u010dlove\u0161ko \u017eivljenje. Zadnji leta 1987. V zadnjih 10-15 letih pa smo v Sloveniji pobili med 1500 in 2000 medvedov,\u00ab je izpostavila.<\/p>\n<p><img loading=\"lazy\" decoding=\"async\" width=\"1000\" height=\"694\" src=\"https:\/\/www.europesays.com\/si\/wp-content\/uploads\/2026\/07\/medvedovarni-smetnjaki-2.jpg\" alt=\"\" class=\"wp-image-148259\"  \/>stock.adobe.com<\/p>\n<p class=\"wp-block-paragraph\">V celotni uradno zabele\u017eeni zgodovini v Sloveniji so dokumentirani le 3 primeri, ko je napad medveda zahteval \u010dlove\u0161ko \u017eivljenje<\/p>\n<p>Pobijanje medvedov ni ukrep za varnost?<\/p>\n<p class=\"wp-block-paragraph\">Nadaljevala je, da je statisti\u010dno gledano mo\u017enost, da \u010dloveka v Sloveniji po\u0161koduje ali ubije medved, neprimerljivo manj\u0161a od mo\u017enosti udara strele.<\/p>\n<p class=\"wp-block-paragraph\">\u00bbPobijanje medvedov ni ukrep za varnost ljudi \u2013 je le manifestacija na\u0161e potrebe po popolni dominaciji nad tistim, \u010desar ne moremo v celoti nadzorovati. Absurd pa je v tem, da medtem ko \u201c\u010distimo\u201d gozdove nevidne nevarnosti, ignorantsko mi\u017eimo pred zvermi, ki jih gojimo v lastni dru\u017ebi,\u00ab je zaklju\u010dila.<\/p>\n<p>(Visited 660 times, 660 visits today)<\/p>\n","protected":false},"excerpt":{"rendered":"Ministrstvo za okolje in prostor (MOP) je sporo\u010dilo, da so \u0161tiri ob\u010dine: Brezovica, \u010crnomelj, Lo\u0161ki Potok in Sodra\u017eica,&hellip;\n","protected":false},"author":2,"featured_media":171245,"comment_status":"","ping_status":"","sticky":false,"template":"","format":"standard","meta":{"footnotes":"","_share_on_mastodon":"0"},"categories":[6],"tags":[59,61,62,37,58,60,38,3794],"class_list":["post-171244","post","type-post","status-publish","format-standard","has-post-thumbnail","category-slovenija","tag-republic-of-slovenia","tag-republika-slovenija","tag-si","tag-slovene","tag-slovenia","tag-slovenija","tag-slovenscina","tag-zivali"],"share_on_mastodon":{"url":"https:\/\/pubeurope.com\/@si\/116987693974957625","error":""},"_links":{"self":[{"href":"https:\/\/www.europesays.com\/si\/wp-json\/wp\/v2\/posts\/171244","targetHints":{"allow":["GET"]}}],"collection":[{"href":"https:\/\/www.europesays.com\/si\/wp-json\/wp\/v2\/posts"}],"about":[{"href":"https:\/\/www.europesays.com\/si\/wp-json\/wp\/v2\/types\/post"}],"author":[{"embeddable":true,"href":"https:\/\/www.europesays.com\/si\/wp-json\/wp\/v2\/users\/2"}],"replies":[{"embeddable":true,"href":"https:\/\/www.europesays.com\/si\/wp-json\/wp\/v2\/comments?post=171244"}],"version-history":[{"count":0,"href":"https:\/\/www.europesays.com\/si\/wp-json\/wp\/v2\/posts\/171244\/revisions"}],"wp:featuredmedia":[{"embeddable":true,"href":"https:\/\/www.europesays.com\/si\/wp-json\/wp\/v2\/media\/171245"}],"wp:attachment":[{"href":"https:\/\/www.europesays.com\/si\/wp-json\/wp\/v2\/media?parent=171244"}],"wp:term":[{"taxonomy":"category","embeddable":true,"href":"https:\/\/www.europesays.com\/si\/wp-json\/wp\/v2\/categories?post=171244"},{"taxonomy":"post_tag","embeddable":true,"href":"https:\/\/www.europesays.com\/si\/wp-json\/wp\/v2\/tags?post=171244"}],"curies":[{"name":"wp","href":"https:\/\/api.w.org\/{rel}","templated":true}]}}