{"id":171936,"date":"2026-07-27T12:42:13","date_gmt":"2026-07-27T12:42:13","guid":{"rendered":"https:\/\/www.europesays.com\/si\/171936\/"},"modified":"2026-07-27T12:42:13","modified_gmt":"2026-07-27T12:42:13","slug":"na-obmocju-gradnje-potniskega-centra-ljubljana-odkrili-125-emonskih-grobov-pricakujejo-jih-se-vec","status":"publish","type":"post","link":"https:\/\/www.europesays.com\/si\/171936\/","title":{"rendered":"Na obmo\u010dju gradnje Potni\u0161kega centra Ljubljana odkrili 125 emonskih grobov, pri\u010dakujejo jih \u0161e ve\u010d"},"content":{"rendered":"<p>\t\t\t\t\t\t\t\t<a href=\"https:\/\/www.europesays.com\/si\/wp-content\/uploads\/2026\/07\/67064095.jpg\" itemprop=\"contentUrl\" data-size=\"1200x800\" data-large=\"https:\/\/www.europesays.com\/si\/wp-content\/uploads\/2026\/07\/67064095.jpg\"><br \/>\n\t\t\t\t\t\t\t\t\t<img decoding=\"async\" src=\"https:\/\/www.europesays.com\/si\/wp-content\/uploads\/2026\/07\/67064095.jpg\" title=\"Arheolo\u0161ke raziskave na obmo\u010dju gradnje Potni\u0161kega centra Ljubljana potekajo od za\u010detka aprila. Foto: Skupina STIK\" alt=\"Arheolo\u0161ke raziskave na obmo\u010dju gradnje Potni\u0161kega centra Ljubljana potekajo od za\u010detka aprila. Foto: Skupina STIK\"\/><br \/>\n\t\t\t\t\t\t\t\t<\/a><\/p>\n<p>\t\t\t\t\t\t\t\t\tArheolo\u0161ke raziskave na obmo\u010dju gradnje Potni\u0161kega centra Ljubljana potekajo od za\u010detka aprila. Foto: Skupina STIK<\/p>\n<p>\t\t\t\t\t\t\t<a id=\"preferredSourceBanner\" href=\"https:\/\/www.rtvslo.si\/kultura\/dediscina\/na-obmocju-gradnje-potniskega-centra-ljubljana-odkrili-125-emonskih-grobov-pricakujejo-jih-se-vec\/javascript:void(0)\" target=\"_blank\" class=\"d-none align-items-center justify-content-between rounded my-3\" style=\"padding: 10px 15px;\" rel=\"nofollow noopener\"><br \/>\n\t\t\t\t\t\t<img decoding=\"async\" src=\"https:\/\/img.rtvslo.si\/_static\/novi\/img\/ico-google.svg\" class=\"flex-shrink-0 mr-3\" aria-hidden=\"true\"\/><br \/>\n\t\t\t\t\t\tSpremljajte RTVSLO.si kot prednostni vir na Google<\/p>\n<p>\t\t\t\t\t<\/a><\/p>\n<p>Na za\u010detku aprila zagnane arheolo\u0161ke raziskave, ki potekajo pod vodstvom Mestnega muzeja Ljubljana, izvaja ekipa Arheolo\u0161kega raziskovalnega konzorcija za Ljubljano.<\/p>\n<p>Oglas<\/p>\n<p>\t\t\t\t\t\t\t\t<a href=\"https:\/\/www.europesays.com\/si\/wp-content\/uploads\/2026\/07\/67064093.jpg\" itemprop=\"contentUrl\" data-size=\"1200x800\" data-large=\"https:\/\/www.europesays.com\/si\/wp-content\/uploads\/2026\/07\/67064093.jpg\"><br \/>\n\t\t\t\t\t\t\t\t\t<img decoding=\"async\" src=\"https:\/\/www.europesays.com\/si\/wp-content\/uploads\/2026\/07\/67064093.jpg\" title=\"Ena od odkritih oljenk. Foto: Skupina STIK\" alt=\"Ena od odkritih oljenk. Foto: Skupina STIK\"\/><br \/>\n\t\t\t\t\t\t\t\t<\/a><\/p>\n<p>\t\t\t\t\t\t\t\t\tEna od odkritih oljenk. Foto: Skupina STIK<\/p>\n<p>Balzamariji, oljenke, kerami\u010dno posodje &#8230;<br \/>Med dokumentiranimi 125 grobovi prevladujejo \u017egani pokopi s \u0161tevilnimi grobnimi pridatki. Med najdbami so balzamariji, oljenke, nakit in kerami\u010dno posodje, ki bodo po analizah ponudili nove vpoglede tako v \u017eivljenje kot smrt Emoncev.<\/p>\n<p>Grobovi so del severnega emonskega grobi\u0161\u010da, ki se je raztezalo vzdol\u017e nekdanje glavne severne vpadnice v rimsko Emono. Razprostiralo se je od obmo\u010dja dana\u0161njega Kongresnega trga mimo \u017eelezni\u0161ke postaje proti Be\u017eigradu, vse do Gospodarskega razstavi\u0161\u010da. Do danes je bilo na tem obmo\u010dju dokumentiranih pribli\u017eno 4000 grobov, ki pri\u010dajo o \u017eivljenju, dru\u017ebeni strukturi in pogrebnih obi\u010dajih prebivalcev anti\u010dne Ljubljane.<\/p>\n<p>Leta 2024 izkopanih kar 183 grobov<br \/>Raziskave, ki \u0161e potekajo, pomenijo nadaljevanje dolgoletnega preu\u010devanja severnega emonskega grobi\u0161\u010da. Pomemben mejnik so bile tudi raziskave leta 2024 ob gradnji objekta Emonika City Center, ko je bilo raziskanih 183 grobov. Zaradi velike povr\u0161ine posega so raziskovalci takrat pridobili dragocene podatke o \u0161ir\u0161em zaledju Emone in razvoju njenega severnega predmestja.<\/p>\n<p>\t\t\t\t\t\t\t\t<a href=\"https:\/\/www.europesays.com\/si\/wp-content\/uploads\/2026\/07\/67064094.jpg\" itemprop=\"contentUrl\" data-size=\"1200x800\" data-large=\"https:\/\/www.europesays.com\/si\/wp-content\/uploads\/2026\/07\/67064094.jpg\"><br \/>\n\t\t\t\t\t\t\t\t\t<img decoding=\"async\" src=\"https:\/\/www.europesays.com\/si\/wp-content\/uploads\/2026\/07\/67064094.jpg\" title=\"Med \u0161tevilnimi grobnimi pridatki je tudi kerami\u010dno posodje. Foto: Skupina STIK\" alt=\"Med \u0161tevilnimi grobnimi pridatki je tudi kerami\u010dno posodje. Foto: Skupina STIK\"\/><br \/>\n\t\t\t\t\t\t\t\t<\/a><\/p>\n<p>\t\t\t\t\t\t\t\t\tMed \u0161tevilnimi grobnimi pridatki je tudi kerami\u010dno posodje. Foto: Skupina STIK<\/p>\n<p>Tudi v \u0161ir\u0161em evropskem prostoru pomembno grobi\u0161\u010de<br \/>Aktualne raziskave so novo poglavje v raziskovanju severnega emonskega grobi\u0161\u010da, ki je bilo posebej intenzivno v zadnjih 50 letih. Zaradi obsega in kakovosti dokumentacije severno grobi\u0161\u010de Emone ne spada le med najpomembnej\u0161a arheolo\u0161ka najdi\u0161\u010da v Sloveniji, temve\u010d ima pomembno mesto tudi v \u0161ir\u0161em evropskem prostoru.<\/p>\n<p>Iz Mestnega muzeja Ljubljana so sporo\u010dili \u0161e, da se bodo arheologi po 27. juliju \u0161e enkrat vrnili v kri\u017ei\u0161\u010de Slovenske in Masarykove, kjer bodo gradbeniki uredili nov kolektor. V tem prostoru le\u017ei glavnina severnega emonskega pokopali\u0161\u010da, zato pri\u010dakujejo ve\u010dje \u0161tevilo \u0161e neodkritih grobov.<\/p>\n<p>Oglas<\/p>\n","protected":false},"excerpt":{"rendered":"Arheolo\u0161ke raziskave na obmo\u010dju gradnje Potni\u0161kega centra Ljubljana potekajo od za\u010detka aprila. Foto: Skupina STIK Spremljajte RTVSLO.si kot&hellip;\n","protected":false},"author":2,"featured_media":171937,"comment_status":"","ping_status":"","sticky":false,"template":"","format":"standard","meta":{"footnotes":"","_share_on_mastodon":"0"},"categories":[21],"tags":[44229,6216,124,13258,62,37,58,60,38],"class_list":["post-171936","post","type-post","status-publish","format-standard","has-post-thumbnail","category-ljubljana","tag-arheoloska-izkopavanja","tag-emona","tag-ljubljana","tag-potniski-center-ljubljana","tag-si","tag-slovene","tag-slovenia","tag-slovenija","tag-slovenscina"],"share_on_mastodon":{"url":"https:\/\/pubeurope.com\/@si\/116991999875004841","error":""},"_links":{"self":[{"href":"https:\/\/www.europesays.com\/si\/wp-json\/wp\/v2\/posts\/171936","targetHints":{"allow":["GET"]}}],"collection":[{"href":"https:\/\/www.europesays.com\/si\/wp-json\/wp\/v2\/posts"}],"about":[{"href":"https:\/\/www.europesays.com\/si\/wp-json\/wp\/v2\/types\/post"}],"author":[{"embeddable":true,"href":"https:\/\/www.europesays.com\/si\/wp-json\/wp\/v2\/users\/2"}],"replies":[{"embeddable":true,"href":"https:\/\/www.europesays.com\/si\/wp-json\/wp\/v2\/comments?post=171936"}],"version-history":[{"count":0,"href":"https:\/\/www.europesays.com\/si\/wp-json\/wp\/v2\/posts\/171936\/revisions"}],"wp:featuredmedia":[{"embeddable":true,"href":"https:\/\/www.europesays.com\/si\/wp-json\/wp\/v2\/media\/171937"}],"wp:attachment":[{"href":"https:\/\/www.europesays.com\/si\/wp-json\/wp\/v2\/media?parent=171936"}],"wp:term":[{"taxonomy":"category","embeddable":true,"href":"https:\/\/www.europesays.com\/si\/wp-json\/wp\/v2\/categories?post=171936"},{"taxonomy":"post_tag","embeddable":true,"href":"https:\/\/www.europesays.com\/si\/wp-json\/wp\/v2\/tags?post=171936"}],"curies":[{"name":"wp","href":"https:\/\/api.w.org\/{rel}","templated":true}]}}