{"id":173214,"date":"2026-07-28T16:43:08","date_gmt":"2026-07-28T16:43:08","guid":{"rendered":"https:\/\/www.europesays.com\/si\/173214\/"},"modified":"2026-07-28T16:43:08","modified_gmt":"2026-07-28T16:43:08","slug":"drzava-je-od-vdove-zahtevala-vracilo-denarja-nato-je-sledil-preobrat","status":"publish","type":"post","link":"https:\/\/www.europesays.com\/si\/173214\/","title":{"rendered":"Dr\u017eava je od vdove zahtevala vra\u010dilo denarja, nato je sledil preobrat"},"content":{"rendered":"<p>Ministrstvo je po posredovanju Varuha \u010dlovekovih pravic spremenilo odlo\u010ditev, ki bi lahko pomembno vplivala tudi na druge podobne primere.<br \/>\n*Fotografija je simboli\u010dna.<\/p>\n<p>V nadaljevanju preberite:<\/p>\n<p>Po posredovanju Varuha \u010dlovekovih pravic je ministrstvo za delo spremenilo <a href=\"https:\/\/www.varuh-rs.si\/primeri\/obravnavane-pobude\/nadomestilo-za-invalidnost-po-zdvdtp-je-podlaga-za-to-da-se-drzava-v-zapuscinskem-postopku-odrece-pravici-do-omejitve-dedovanja\" rel=\"nofollow noopener\" target=\"_blank\">odlo\u010ditev v primeru vdove, ki prejema nadomestilo za invalidnost<\/a>.\u00a0<br \/>\nZaradi spremembe stali\u0161\u010da se je dr\u017eava odpovedala pravici do omejitve dedovanja.<br \/>\nVdovi\u00a0ne bo treba vra\u010dati socialnih prejemkov, ki jih je v \u010dasu \u017eivljenja prejemal njen pokojni mo\u017e.<\/p>\n<p>\u017denska se je na <a href=\"https:\/\/www.zurnal24.si\/slovenija\/imenovana-nova-varuhinja-clovekovih-pravic-simona-drenik-bavdek-454104\" rel=\"nofollow noopener\" target=\"_blank\">Varuha<\/a> obrnila, potem ko je Republika Slovenija v zapu\u0161\u010dinskem postopku na Okrajnem sodi\u0161\u010du v Murski Soboti prijavila terjatev zaradi denarne socialne pomo\u010di in varstvenega dodatka, ki ju je prejemal njen mo\u017e, ter predlagala omejitev dedovanja.<\/p>\n<p>\u010ceprav vdova \u017ee od leta 1985 prejema nadomestilo za invalidnost, ki je njen edini vir pre\u017eivetja, je ministrstvo sprva zavrnilo njeno pro\u0161njo, naj se dr\u017eava odpove omejitvi dedovanja. Kot razlog je navedlo, da ne prejema socialnovarstvenih transferjev, ki bi dokazovali njeno socialno ogro\u017eenost.<\/p>\n<p>Varuh: Tak\u0161na razlaga je napa\u010dna<\/p>\n<p>Varuh \u010dlovekovih pravic je opozoril, da je tak\u0161no stali\u0161\u010de v nasprotju z namenom zakona in ustaljeno sodno prakso. Poudaril je, da je nadomestilo za invalidnost socialni transfer, namenjen osebam, ki zaradi invalidnosti same ne morejo zagotoviti sredstev za pre\u017eivljanje, zato ga je treba obravnavati enako kot druge socialne prejemke.<\/p>\n<p>Po ponovni prou\u010ditvi primera je ministrstvo spremenilo svojo odlo\u010ditev. Priznalo je, da nadomestilo za invalidnost predstavlja socialni transfer, ki izkazuje potrebo po pomo\u010di dr\u017eave, zato se je Republika Slovenija v konkretnem primeru odpovedala pravici do omejitve dedovanja.<\/p>\n<p>Pomembna odlo\u010ditev tudi za druge<\/p>\n<p>Varuh je pobudo ocenil kot utemeljeno in opozoril, da bi napa\u010dna uporaba zakonodaje lahko posegla v ve\u010d ustavno in mednarodnopravno varovanih \u010dlovekovih pravic. Med njimi so pravica do socialne varnosti, pravica do posebnega varstva invalidov, pravica do zasebne lastnine in dedovanja ter prepoved diskriminacije.<\/p>\n<p>Po oceni Varuha pa primer presega posamezno zgodbo. Pri\u010dakujejo namre\u010d, da bo nova razlaga ministrstva vplivala tudi na prihodnje zapu\u0161\u010dinske postopke, v katerih sodelujejo osebe, ki prejemajo nadomestilo za invalidnost po Zakonu o dru\u017ebenem varstvu du\u0161evno in telesno prizadetih oseb.<\/p>\n<p>Ob tem poudarjajo, da morajo dr\u017eavni organi pri odlo\u010danju dosledno upo\u0161tevati namen socialnih pravic, sodno prakso ter posebno varstvo, ki ga invalidom zagotavljata ustava in mednarodno pravo.<\/p>\n<p><a href=\"https:\/\/www.zurnal24.si\/slovenija\/mailto:dezurni@styria-media.si\" rel=\"nofollow noopener\" target=\"_blank\">dezurni@styria-media.si<\/a><\/p>\n<p><a class=\"related_article__link\" href=\"https:\/\/www.zurnal24.si\/slovenija\/zagovornika-nacela-enakosti-bi-prestavili-ta-se-brani-z-vsemi-stirimi-461840\" rel=\"nofollow noopener\" target=\"_blank\"><\/p>\n<p><img loading=\"lazy\" decoding=\"async\" alt=\"Miha Lobnik zagovornik na\u010dela enakosti\" class=\"related_article__image\" data-size=\"100x100\" height=\"100\" src=\"https:\/\/www.europesays.com\/si\/wp-content\/uploads\/2026\/07\/430ebdfe7f6abdeaa2be.jpeg\" width=\"100\"\/><\/p>\n<p><\/a><\/p>\n<p><a href=\"https:\/\/www.zurnal24.si\/slovenija\/zagovornika-nacela-enakosti-bi-prestavili-ta-se-brani-z-vsemi-stirimi-461840\" rel=\"nofollow noopener\" target=\"_blank\"><br \/>\n<\/a><\/p>\n<p><a href=\"https:\/\/www.zurnal24.si\/slovenija\" rel=\"nofollow noopener\" target=\"_blank\"><br \/>\n                Slovenija<br \/>\n            <\/a><\/p>\n<p><a href=\"https:\/\/www.zurnal24.si\/slovenija\/zagovornika-nacela-enakosti-bi-prestavili-ta-se-brani-z-vsemi-stirimi-461840\" rel=\"nofollow noopener\" target=\"_blank\"><\/p>\n<p>                Zagovornika na\u010dela enakosti bi prestavili, ta se brani z vsemi \u0161tirimi<\/p>\n<p>            <\/a><\/p>\n","protected":false},"excerpt":{"rendered":"Ministrstvo je po posredovanju Varuha \u010dlovekovih pravic spremenilo odlo\u010ditev, ki bi lahko pomembno vplivala tudi na druge podobne&hellip;\n","protected":false},"author":2,"featured_media":173215,"comment_status":"","ping_status":"","sticky":false,"template":"","format":"standard","meta":{"footnotes":"","_share_on_mastodon":"0"},"categories":[20],"tags":[5041,32,1034,35,31,34,36,37,38,33,11545,24935],"class_list":["post-173214","post","type-post","status-publish","format-standard","has-post-thumbnail","category-novice","tag-druzino-in-socialne-zadeve","tag-headlines","tag-ministrstvo-za-delo","tag-najpomembnejse-novice","tag-news","tag-novice","tag-osrednje-novice","tag-slovene","tag-slovenscina","tag-top-stories","tag-varuh-clovekovih-pravic","tag-vdova"],"share_on_mastodon":{"url":"https:\/\/pubeurope.com\/@si\/116998609538467568","error":""},"_links":{"self":[{"href":"https:\/\/www.europesays.com\/si\/wp-json\/wp\/v2\/posts\/173214","targetHints":{"allow":["GET"]}}],"collection":[{"href":"https:\/\/www.europesays.com\/si\/wp-json\/wp\/v2\/posts"}],"about":[{"href":"https:\/\/www.europesays.com\/si\/wp-json\/wp\/v2\/types\/post"}],"author":[{"embeddable":true,"href":"https:\/\/www.europesays.com\/si\/wp-json\/wp\/v2\/users\/2"}],"replies":[{"embeddable":true,"href":"https:\/\/www.europesays.com\/si\/wp-json\/wp\/v2\/comments?post=173214"}],"version-history":[{"count":0,"href":"https:\/\/www.europesays.com\/si\/wp-json\/wp\/v2\/posts\/173214\/revisions"}],"wp:featuredmedia":[{"embeddable":true,"href":"https:\/\/www.europesays.com\/si\/wp-json\/wp\/v2\/media\/173215"}],"wp:attachment":[{"href":"https:\/\/www.europesays.com\/si\/wp-json\/wp\/v2\/media?parent=173214"}],"wp:term":[{"taxonomy":"category","embeddable":true,"href":"https:\/\/www.europesays.com\/si\/wp-json\/wp\/v2\/categories?post=173214"},{"taxonomy":"post_tag","embeddable":true,"href":"https:\/\/www.europesays.com\/si\/wp-json\/wp\/v2\/tags?post=173214"}],"curies":[{"name":"wp","href":"https:\/\/api.w.org\/{rel}","templated":true}]}}