{"id":173270,"date":"2026-07-28T17:55:13","date_gmt":"2026-07-28T17:55:13","guid":{"rendered":"https:\/\/www.europesays.com\/si\/173270\/"},"modified":"2026-07-28T17:55:13","modified_gmt":"2026-07-28T17:55:13","slug":"emonski-grobovi-na-obmocju-gradbisca-ljubljanskega-potniskega-centra","status":"publish","type":"post","link":"https:\/\/www.europesays.com\/si\/173270\/","title":{"rendered":"Emonski grobovi na obmo\u010dju gradbi\u0161\u010da ljubljanskega Potni\u0161kega centra"},"content":{"rendered":"<p style=\"text-align: justify;\">Pi\u0161e: C. R., STA<\/p>\n<p style=\"text-align: justify;\">Arheologi so na obmo\u010dju gradnje Potni\u0161kega centra Ljubljana v dobrem mesecu dni dokumentirali 125 grobov severnega emonskega grobi\u0161\u010da. Med njimi prevladujejo \u017egani pokopi s \u0161tevilnimi grobnimi pridatki. Med najdbami so balzamariji, oljenke, nakit ter kerami\u010dno posodje, ki bodo po analizah ponudili nove vpoglede v \u017eivljenje in smrt Emoncev.<\/p>\n<p style=\"text-align: justify;\">Aktualne raziskave predstavljajo nadaljevanje dolgoletnega preu\u010devanja severnega emonskega grobi\u0161\u010da. Pomemben mejnik so bile tudi raziskave leta 2024 ob gradnji objekta Emonika City Center, ko je bilo raziskanih 139 grobov. Zaradi velike povr\u0161ine posega so raziskovalci takrat pridobili dragocene podatke o \u0161ir\u0161em zaledju Emone in razvoju njenega severnega predmestja.<\/p>\n<p style=\"text-align: justify;\">Kot so \u0161e zapisali v Mestnem muzeju Ljubljana, se bodo arheologi po 27. juliju \u0161e enkrat vrnili v kri\u017ei\u0161\u010de Slovenske in Masarykove, kjer bodo gradbeniki uredili nov kolektor. V tem prostoru le\u017ei glavnina severnega emonskega pokopali\u0161\u010da, zato pri\u010dakujejo ve\u010dje \u0161tevilo \u0161e neodkritih grobov.<\/p>\n<p style=\"text-align: justify;\">Aktualne raziskave predstavljajo novo poglavje v raziskovanju severnega emonskega grobi\u0161\u010da, ki je bilo posebej intenzivno v zadnjih petdesetih letih. Zaradi obsega in kakovosti dokumentacije severno grobi\u0161\u010de Emone ne sodi le med najpomembnej\u0161a arheolo\u0161ka najdi\u0161\u010da v Sloveniji, temve\u010d ima pomembno mesto tudi v \u0161ir\u0161em evropskem prostoru.<\/p>\n<p style=\"text-align: justify;\">Arheolo\u0161ke raziskave, ki sicer potekajo od za\u010detka aprila, pod vodstvom Mestnega muzeja Ljubljana, izvaja ekipa Arheolo\u0161kega raziskovalnega konzorcija za Ljubljano.<\/p>\n","protected":false},"excerpt":{"rendered":"Pi\u0161e: C. R., STA Arheologi so na obmo\u010dju gradnje Potni\u0161kega centra Ljubljana v dobrem mesecu dni dokumentirali 125&hellip;\n","protected":false},"author":2,"featured_media":173271,"comment_status":"","ping_status":"","sticky":false,"template":"","format":"standard","meta":{"footnotes":"","_share_on_mastodon":"0"},"categories":[21],"tags":[18308,6216,44485,124,11175,44486,62,37,58,60,38],"class_list":["post-173270","post","type-post","status-publish","format-standard","has-post-thumbnail","category-ljubljana","tag-arheologi","tag-emona","tag-emonsko-grobisce","tag-ljubljana","tag-potniski-center","tag-rimska-emona","tag-si","tag-slovene","tag-slovenia","tag-slovenija","tag-slovenscina"],"share_on_mastodon":{"url":"https:\/\/pubeurope.com\/@si\/116998892858192488","error":""},"_links":{"self":[{"href":"https:\/\/www.europesays.com\/si\/wp-json\/wp\/v2\/posts\/173270","targetHints":{"allow":["GET"]}}],"collection":[{"href":"https:\/\/www.europesays.com\/si\/wp-json\/wp\/v2\/posts"}],"about":[{"href":"https:\/\/www.europesays.com\/si\/wp-json\/wp\/v2\/types\/post"}],"author":[{"embeddable":true,"href":"https:\/\/www.europesays.com\/si\/wp-json\/wp\/v2\/users\/2"}],"replies":[{"embeddable":true,"href":"https:\/\/www.europesays.com\/si\/wp-json\/wp\/v2\/comments?post=173270"}],"version-history":[{"count":0,"href":"https:\/\/www.europesays.com\/si\/wp-json\/wp\/v2\/posts\/173270\/revisions"}],"wp:featuredmedia":[{"embeddable":true,"href":"https:\/\/www.europesays.com\/si\/wp-json\/wp\/v2\/media\/173271"}],"wp:attachment":[{"href":"https:\/\/www.europesays.com\/si\/wp-json\/wp\/v2\/media?parent=173270"}],"wp:term":[{"taxonomy":"category","embeddable":true,"href":"https:\/\/www.europesays.com\/si\/wp-json\/wp\/v2\/categories?post=173270"},{"taxonomy":"post_tag","embeddable":true,"href":"https:\/\/www.europesays.com\/si\/wp-json\/wp\/v2\/tags?post=173270"}],"curies":[{"name":"wp","href":"https:\/\/api.w.org\/{rel}","templated":true}]}}