{"id":173418,"date":"2026-07-28T20:58:09","date_gmt":"2026-07-28T20:58:09","guid":{"rendered":"https:\/\/www.europesays.com\/si\/173418\/"},"modified":"2026-07-28T20:58:09","modified_gmt":"2026-07-28T20:58:09","slug":"hrgota-in-tepes-v-ogenj-brez-najboljsih-nika-prevc-do-septembra-ne-bo-tekmovala","status":"publish","type":"post","link":"https:\/\/www.europesays.com\/si\/173418\/","title":{"rendered":"Hrgota in Tepe\u0161 v ogenj brez najbolj\u0161ih: &#8220;Nika Prevc do septembra ne bo tekmovala&#8221;"},"content":{"rendered":"<p>Po nepozabni zimski sezoni 2025\/26, ko sta Domen in Nika Prevc prepri\u010dljivo osvojila veliki kristalni globus in se veselila \u0161e mnogih preostalih vrhunskih dose\u017ekov, se konec tedna v poljski Wisli za\u010denja nova sezona poletne velike nagrade 2026, so sporo\u010dili iz SZS.<\/p>\n<p>Wisla bo na skakalnici Adama Malysza konec tedna gostila prve tekme poletne velike nagrade 2026. Tako v mo\u0161ki kot \u017eenski konkurenci bosta na sporedu posami\u010dni preizku\u0161nji, ki bosta potekali v soboto in nedeljo. Glavna trenerja slovenskih reprezentanc, Robert Hrgota in Jurij Tepe\u0161, sta po kraj\u0161em oddihu z varovanci oz. varovankami znova s polno paro zagrizla v treninge in se \u017ee veselita prvih preizku\u0161enj v novi sezoni.<\/p>\n<p>Na prve tekme v Wislo bodo odpotovali Lovro Kos, Rok Oblak, \u017diga Jan\u010dar, Rok Masle, \u017diga Jelar, Nika Vodan, Katra Komar, Maja Kova\u010di\u010d, Ema Klinec, Taja Bodlaj in Ajda Ko\u0161njek.\u00a0<\/p>\n<p><img decoding=\"async\" alt=\"V Wislo bo med drugim potoval Lovro Kos. | Foto: Ale\u0161 Fev\u017eer\" class=\"article_content__inline_image js_imageLightbox is-clickable\" data-author=\"Ale\u0161 Fev\u017eer\" data-caption=\"V Wislo bo med drugim potoval Lovro Kos.\" data-height=\"1600\" data-href=\"https:\/\/siol.net\/media\/img\/9a\/3a\/e9e2c682ee958525c05d-lovro-kos.jpeg\" data-width=\"2400\" loading=\"lazy\" src=\"\/media\/img\/66\/07\/18b8eaaf2476540e8740-lovro-kos.jpeg\" title=\"Lovro Kos\"\/><\/p>\n<p> V Wislo bo med drugim potoval Lovro Kos.<br \/>\n Foto: Ale\u0161 Fev\u017eer <\/p>\n<p>&#8220;Prve tekme bodo pomembne tudi v lu\u010di spoznavanja pravil, ki prihajajo v veljavo. Z najbolj\u0161imi, Domnom Prevcem, An\u017eetom Lani\u0161kom in Timijem Zajcem bomo tekme na Poljskem in kasneje v Franciji \u0161e izpustili, potem pa se bomo odlo\u010dili, kako naprej,&#8221;\u00a0je povedal Hrgota, medtem\u00a0ko je njegov stanovski kolega v \u017eenski reprezentanci, Tepe\u0161, povedal:\u00a0&#8220;Pozimi na tekmah svetovnega pokala \u017eelimo nastopiti s \u010dim ve\u010d tekmovalkami. Na FIS so sprejeli novo pravilo, zdaj bomo tudi mi lovili kvote. Tako imajo poleti prednost tiste, ki lahko napredujejo po svetovni lestvici. Smo pa \u0161ele pred dvema tednoma izvedeli, da lahko na tekmah v Wisli in Courchevelu nastopimo z dodatno tekmovalko. Kljub temu smo se po premisleku odlo\u010dili, da taktike ne spreminjamo in ponudimo prilo\u017enost drugim tekmovalkam. Nika Prevc do septembra ne bo tekmovala.&#8221;<\/p>\n<p>Preberite \u0161e:<\/p>\n","protected":false},"excerpt":{"rendered":"Po nepozabni zimski sezoni 2025\/26, ko sta Domen in Nika Prevc prepri\u010dljivo osvojila veliki kristalni globus in se&hellip;\n","protected":false},"author":2,"featured_media":173419,"comment_status":"","ping_status":"","sticky":false,"template":"","format":"standard","meta":{"footnotes":"","_share_on_mastodon":"0"},"categories":[16],"tags":[535,1506,534,1507,62,37,58,60,38,533,94,93],"class_list":["post-173418","post","type-post","status-publish","format-standard","has-post-thumbnail","category-sport","tag-domen-prevc","tag-jurij-tepes","tag-nika-prevc","tag-robert-hrgota","tag-si","tag-slovene","tag-slovenia","tag-slovenija","tag-slovenscina","tag-smucarski-skoki","tag-sport","tag-sports"],"share_on_mastodon":{"url":"https:\/\/pubeurope.com\/@si\/116999612459534980","error":""},"_links":{"self":[{"href":"https:\/\/www.europesays.com\/si\/wp-json\/wp\/v2\/posts\/173418","targetHints":{"allow":["GET"]}}],"collection":[{"href":"https:\/\/www.europesays.com\/si\/wp-json\/wp\/v2\/posts"}],"about":[{"href":"https:\/\/www.europesays.com\/si\/wp-json\/wp\/v2\/types\/post"}],"author":[{"embeddable":true,"href":"https:\/\/www.europesays.com\/si\/wp-json\/wp\/v2\/users\/2"}],"replies":[{"embeddable":true,"href":"https:\/\/www.europesays.com\/si\/wp-json\/wp\/v2\/comments?post=173418"}],"version-history":[{"count":0,"href":"https:\/\/www.europesays.com\/si\/wp-json\/wp\/v2\/posts\/173418\/revisions"}],"wp:featuredmedia":[{"embeddable":true,"href":"https:\/\/www.europesays.com\/si\/wp-json\/wp\/v2\/media\/173419"}],"wp:attachment":[{"href":"https:\/\/www.europesays.com\/si\/wp-json\/wp\/v2\/media?parent=173418"}],"wp:term":[{"taxonomy":"category","embeddable":true,"href":"https:\/\/www.europesays.com\/si\/wp-json\/wp\/v2\/categories?post=173418"},{"taxonomy":"post_tag","embeddable":true,"href":"https:\/\/www.europesays.com\/si\/wp-json\/wp\/v2\/tags?post=173418"}],"curies":[{"name":"wp","href":"https:\/\/api.w.org\/{rel}","templated":true}]}}