{"id":173856,"date":"2026-07-29T08:45:09","date_gmt":"2026-07-29T08:45:09","guid":{"rendered":"https:\/\/www.europesays.com\/si\/173856\/"},"modified":"2026-07-29T08:45:09","modified_gmt":"2026-07-29T08:45:09","slug":"ob-pogledu-na-carmen-osovnikar-v-spodnjem-perilu-vam-bo-zastal-dih","status":"publish","type":"post","link":"https:\/\/www.europesays.com\/si\/173856\/","title":{"rendered":"Ob pogledu na Carmen Osovnikar v spodnjem perilu vam bo zastal dih"},"content":{"rendered":"<p>        Carmen Osovnikar, ki smo jo spoznali v \u0161ovu Sanjski mo\u0161ki, letos pa smo jo spremljali tudi v Kmetiji, je znova pritegnila veliko pozornosti.<\/p>\n<p>Tokrat je objavila fotografijo v spodnjem perilu in z njo pokazala, da je njena postava zavidanja vredna. Ob fotografiji je zapisala: \u201c44 years old. Summer body? Confidence looks good at any age.\u201d S tem je \u017eelela sporo\u010diti, da samozavest nima starostne omejitve in da se dobro po\u010duti v svoji ko\u017ei.<\/p>\n<p>Navdu\u0161ila s postavo in samozavestjo<\/p>\n<p>Carmen je \u017ee v resni\u010dnostnih \u0161ovih ve\u010dkrat pokazala, da je urejena, elegantna in da <a href=\"https:\/\/www.tocnoto.si\/kaj-se-dogaja-z-videzom-carmen-osovnikar-je-kmetija-kriva-da-je-danes-videti\/\" rel=\"nofollow noopener\" target=\"_blank\">veliko pozornosti namenja svojemu videzu<\/a>. Tokrat pa je po\u017eela \u0161e posebej veliko zanimanja, saj pri 44 letih navdu\u0161uje z vitko in izklesano postavo.<\/p>\n<p><img fetchpriority=\"high\" decoding=\"async\" class=\"size-full wp-image-458396\" src=\"https:\/\/www.europesays.com\/si\/wp-content\/uploads\/2026\/07\/Carmen-v-spodnjem-perilu.jpg\" alt=\"Carmen v spodnjem perilu. Vir: Instagram\" width=\"669\" height=\"1147\"  \/>Carmen v spodnjem perilu. Vir: Instagram<br \/>\nV Kmetiji je pokazala tudi drugo plat<\/p>\n<p>\u010ceprav jo marsikdo povezuje predvsem z glamuroznim videzom, je Carmen v leto\u0161nji sezoni Kmetije dokazala, da se zna lotiti tudi fizi\u010dnega dela. S tem je razbila marsikateri stereotip in pokazala, da eleganca in delavnost zlahka hodita z roko v roki.<\/p>\n","protected":false},"excerpt":{"rendered":"Carmen Osovnikar, ki smo jo spoznali v \u0161ovu Sanjski mo\u0161ki, letos pa smo jo spremljali tudi v Kmetiji,&hellip;\n","protected":false},"author":2,"featured_media":173857,"comment_status":"","ping_status":"","sticky":false,"template":"","format":"standard","meta":{"footnotes":"","_share_on_mastodon":"0"},"categories":[18],"tags":[1704,114,62,37,58,60,38,115],"class_list":["post-173856","post","type-post","status-publish","format-standard","has-post-thumbnail","category-zabava","tag-carmen-osovnikar","tag-entertainment","tag-si","tag-slovene","tag-slovenia","tag-slovenija","tag-slovenscina","tag-zabava"],"share_on_mastodon":{"url":"https:\/\/pubeurope.com\/@si\/117002392819174607","error":""},"_links":{"self":[{"href":"https:\/\/www.europesays.com\/si\/wp-json\/wp\/v2\/posts\/173856","targetHints":{"allow":["GET"]}}],"collection":[{"href":"https:\/\/www.europesays.com\/si\/wp-json\/wp\/v2\/posts"}],"about":[{"href":"https:\/\/www.europesays.com\/si\/wp-json\/wp\/v2\/types\/post"}],"author":[{"embeddable":true,"href":"https:\/\/www.europesays.com\/si\/wp-json\/wp\/v2\/users\/2"}],"replies":[{"embeddable":true,"href":"https:\/\/www.europesays.com\/si\/wp-json\/wp\/v2\/comments?post=173856"}],"version-history":[{"count":0,"href":"https:\/\/www.europesays.com\/si\/wp-json\/wp\/v2\/posts\/173856\/revisions"}],"wp:featuredmedia":[{"embeddable":true,"href":"https:\/\/www.europesays.com\/si\/wp-json\/wp\/v2\/media\/173857"}],"wp:attachment":[{"href":"https:\/\/www.europesays.com\/si\/wp-json\/wp\/v2\/media?parent=173856"}],"wp:term":[{"taxonomy":"category","embeddable":true,"href":"https:\/\/www.europesays.com\/si\/wp-json\/wp\/v2\/categories?post=173856"},{"taxonomy":"post_tag","embeddable":true,"href":"https:\/\/www.europesays.com\/si\/wp-json\/wp\/v2\/tags?post=173856"}],"curies":[{"name":"wp","href":"https:\/\/api.w.org\/{rel}","templated":true}]}}