{"id":173934,"date":"2026-07-29T09:58:09","date_gmt":"2026-07-29T09:58:09","guid":{"rendered":"https:\/\/www.europesays.com\/si\/173934\/"},"modified":"2026-07-29T09:58:09","modified_gmt":"2026-07-29T09:58:09","slug":"nika-prevc-zaradi-bizarnega-pravila-fis-ostala-doma","status":"publish","type":"post","link":"https:\/\/www.europesays.com\/si\/173934\/","title":{"rendered":"Nika Prevc zaradi bizarnega pravila FIS ostala doma"},"content":{"rendered":"<p>Smu\u010darski skakalci in skakalke konec tedna za\u010denjajo novo sezono.<\/p>\n<p>Poljska Wisla bo konec tedna gostila prve tekme poletne velike nagrade 2026, na kateri pa bosta manjkala junaka minule zime Domen in Nika Prevc, so sporo\u010dili s Smu\u010darske zveze Slovenije.<\/p>\n<p>V Wisli bosta v soboto in nedeljo na sporedu posami\u010dni preizku\u0161nji. Na prve tekme bodo odpotovali Lovro Kos, Rok Oblak, \u017diga Jan\u010dar, Rok Masle, \u017diga Jelar, Nika Vodan, Katra Komar, Maja Kova\u010di\u010d, Ema Klinec, Taja Bodlaj in Ajda Ko\u0161njek.<\/p>\n<p>&#8220;Prve tekme bodo pomembne tudi v lu\u010di spoznavanja pravil, ki prihajajo v veljavo. Z najbolj\u0161imi, Domnom Prevcem, An\u017eetom Lani\u0161kom in Timijem Zajcem bomo tekme na Poljskem in kasneje v Franciji \u0161e izpustili, potem pa se bomo odlo\u010dili kako naprej,&#8221; je povedal glavni trener mo\u0161ke vrste Robert Hrgota.<\/p>\n<p>Jurij Tepe\u0161 pa je o dekletih dodal: &#8220;Pozimi na tekmah svetovnega pokala \u017eelimo nastopiti s \u010dim ve\u010d tekmovalkami. Na FIS so sprejeli novo pravilo, zdaj bomo tudi mi lovili kvote. Poleti bodo zato imele prednost tiste tekmovalke, ki lahko napredujejo po svetovni lestvici. Smo pa \u0161ele pred dvema tednoma izvedeli, da lahko na tekmah v Wisli in Courchevelu nastopimo z dodatno tekmovalko. Kljub temu smo se po premisleku odlo\u010dili, da taktike ne spreminjamo in ponudimo prilo\u017enost drugim tekmovalkam. Nika Prevc do septembra ne bo tekmovala.&#8221;<\/p>\n<p>Bodlaj in Klinec po to\u010dke<\/p>\n<p>Novo pravilo <a href=\"https:\/\/www.fis-ski.com\/ski-jumping\" onclick=\"window.open(this.href, &#039;&#039;, &#039;resizable=no,status=no,location=no,toolbar=no,menubar=no,fullscreen=no,scrollbars=no,dependent=no&#039;); return false;\" rel=\"nofollow noopener\" target=\"_blank\">Mednarodne smu\u010darske zveze (FIS)<\/a> dolo\u010da stro\u017eje kvote za nastope na \u017eenskih tekmah. Zdaj morajo namre\u010d tekmovalke v poletni sezoni dose\u010di dolo\u010deno \u0161tevilo to\u010dk in se prebiti med 45 oziroma 35 najbolj\u0161ih, da\u00a0bodo lahko nastopile v zimskem svetovnem pokalu.<\/p>\n<p>Ker FIS ni predvidel posebnega statusa za po\u0161kodovance, se morajo zdaj tiste tekmovalke, ki so imele lani te\u017eave z zdravjem, dokazovati od za\u010detka. Mednje spadata tudi Slovenki Taja Bodlaj in Ema Klinec.<\/p>\n<p>To je torej precej omejilo izbiro trenerja Tepe\u0161a za prihodnjo poletno sezono in tudi oddaljilo Niko Prevc od nastopov na uvodnih tekmah poletne velike nagrade.<\/p>\n<p><a href=\"https:\/\/www.zurnal24.si\/sport\/zimski-sporti\/mailto:dezurni@styria-media.si\" target=\"_blank\" rel=\"nofollow noopener\">dezurni@styria-media.si<\/a><\/p>\n","protected":false},"excerpt":{"rendered":"Smu\u010darski skakalci in skakalke konec tedna za\u010denjajo novo sezono. Poljska Wisla bo konec tedna gostila prve tekme poletne&hellip;\n","protected":false},"author":2,"featured_media":173935,"comment_status":"","ping_status":"","sticky":false,"template":"","format":"standard","meta":{"footnotes":"","_share_on_mastodon":"0"},"categories":[16],"tags":[535,3536,1506,534,1507,62,37,58,60,38,533,94,93,4852],"class_list":["post-173934","post","type-post","status-publish","format-standard","has-post-thumbnail","category-sport","tag-domen-prevc","tag-ema-klinec","tag-jurij-tepes","tag-nika-prevc","tag-robert-hrgota","tag-si","tag-slovene","tag-slovenia","tag-slovenija","tag-slovenscina","tag-smucarski-skoki","tag-sport","tag-sports","tag-taja-bodlaj"],"share_on_mastodon":{"url":"https:\/\/pubeurope.com\/@si\/117002679595692946","error":""},"_links":{"self":[{"href":"https:\/\/www.europesays.com\/si\/wp-json\/wp\/v2\/posts\/173934","targetHints":{"allow":["GET"]}}],"collection":[{"href":"https:\/\/www.europesays.com\/si\/wp-json\/wp\/v2\/posts"}],"about":[{"href":"https:\/\/www.europesays.com\/si\/wp-json\/wp\/v2\/types\/post"}],"author":[{"embeddable":true,"href":"https:\/\/www.europesays.com\/si\/wp-json\/wp\/v2\/users\/2"}],"replies":[{"embeddable":true,"href":"https:\/\/www.europesays.com\/si\/wp-json\/wp\/v2\/comments?post=173934"}],"version-history":[{"count":0,"href":"https:\/\/www.europesays.com\/si\/wp-json\/wp\/v2\/posts\/173934\/revisions"}],"wp:featuredmedia":[{"embeddable":true,"href":"https:\/\/www.europesays.com\/si\/wp-json\/wp\/v2\/media\/173935"}],"wp:attachment":[{"href":"https:\/\/www.europesays.com\/si\/wp-json\/wp\/v2\/media?parent=173934"}],"wp:term":[{"taxonomy":"category","embeddable":true,"href":"https:\/\/www.europesays.com\/si\/wp-json\/wp\/v2\/categories?post=173934"},{"taxonomy":"post_tag","embeddable":true,"href":"https:\/\/www.europesays.com\/si\/wp-json\/wp\/v2\/tags?post=173934"}],"curies":[{"name":"wp","href":"https:\/\/api.w.org\/{rel}","templated":true}]}}