{"id":174184,"date":"2026-07-29T13:54:32","date_gmt":"2026-07-29T13:54:32","guid":{"rendered":"https:\/\/www.europesays.com\/si\/174184\/"},"modified":"2026-07-29T13:54:32","modified_gmt":"2026-07-29T13:54:32","slug":"justin-herbert-pokleknil-pred-madison-beer","status":"publish","type":"post","link":"https:\/\/www.europesays.com\/si\/174184\/","title":{"rendered":"Justin Herbert pokleknil pred Madison Beer"},"content":{"rendered":"<p>\t\t\t\t\t\t\t\t<a href=\"https:\/\/www.europesays.com\/si\/wp-content\/uploads\/2026\/07\/67064396.jpg\" itemprop=\"contentUrl\" data-size=\"1200x800\" data-large=\"https:\/\/www.europesays.com\/si\/wp-content\/uploads\/2026\/07\/67064396.jpg\"><br \/>\n\t\t\t\t\t\t\t\t\t<img decoding=\"async\" src=\"https:\/\/www.europesays.com\/si\/wp-content\/uploads\/2026\/07\/67064396.jpg\" title=\"Iskrica med njima je presko\u010dila lani. Foto: AP\" alt=\"Iskrica med njima je presko\u010dila lani. Foto: AP\"\/><br \/>\n\t\t\t\t\t\t\t\t<\/a><\/p>\n<p>\t\t\t\t\t\t\t\t\tIskrica med njima je presko\u010dila lani. Foto: AP<\/p>\n<p>\t\t\t\t\t\t\t<a id=\"preferredSourceBanner\" href=\"https:\/\/www.rtvslo.si\/zabava-in-slog\/znani\/justin-herbert-pokleknil-pred-madison-beer\/javascript:void(0)\" target=\"_blank\" class=\"d-none align-items-center justify-content-between rounded my-3\" style=\"padding: 10px 15px;\" rel=\"nofollow noopener\"><br \/>\n\t\t\t\t\t\t<img decoding=\"async\" src=\"https:\/\/img.rtvslo.si\/_static\/novi\/img\/ico-google.svg\" class=\"flex-shrink-0 mr-3\" aria-hidden=\"true\"\/><br \/>\n\t\t\t\t\t\tSpremljajte RTVSLO.si kot prednostni vir na Google<\/p>\n<p>\t\t\t\t\t<\/a><\/p>\n<p>&#8220;Spoznajte mojega zaro\u010denca_ko,&#8221; so besede, s katerimi sta Madison Beer in Justin Herbert na dru\u017ebenih omre\u017ejih naznanila, da sta se zaro\u010dila.<\/p>\n<p>Oglas<\/p>\n<p>Opis so pospremile fotografije trenutka, ko je 28-letni \u010dlan ekipe Los Angeles Chargers pokleknil pred leto mlaj\u0161o pevko, poro\u010da BBC.<\/p>\n<p>Poleg Chargersov je zaljubljencema \u010destitala tudi Liga NFL.<\/p>\n<p>Grammyjeva nominiranka in igralec ameri\u0161kega nogometa sta bila v javnosti prvi\u010d opa\u017eena avgusta leta 2025. Od takrat je zvezdnica za svojega izbranca v \u017eivo navijala na ve\u010d tekmah.<\/p>\n<p>Par si je skupaj ogledal tudi ve\u010d ko\u0161arkarskih in bejzbolskih tekem. Herbert se je pojavil tudi v romanti\u010dnem videospotu za pesem lovergirl, ki jo je glasbenica izdala letos.<\/p>\n<p>Beer je leta 2012 zaslovela, potem ko je Justin Bieber delil videoposnetek, v katerem 13-letna Ameri\u010danka poje uspe\u0161nico At Last pevke Ette James. Naslednje leto je izdala svoj prvenec, v enem izmed videospotov se je pojavil tudi Bieber.<\/p>\n<p>\t\t\t\t\t\t\tMadison Beer &#8211; lovergirl (Official Music Video)<\/p>\n<p>Oglas<\/p>\n","protected":false},"excerpt":{"rendered":"Iskrica med njima je presko\u010dila lani. Foto: AP Spremljajte RTVSLO.si kot prednostni vir na Google &#8220;Spoznajte mojega zaro\u010denca_ko,&#8221;&hellip;\n","protected":false},"author":2,"featured_media":174185,"comment_status":"","ping_status":"","sticky":false,"template":"","format":"standard","meta":{"footnotes":"","_share_on_mastodon":"0"},"categories":[18],"tags":[114,44654,44655,62,37,58,60,38,115,1783],"class_list":["post-174184","post","type-post","status-publish","format-standard","has-post-thumbnail","category-zabava","tag-entertainment","tag-justin-herbert","tag-madison-beer","tag-si","tag-slovene","tag-slovenia","tag-slovenija","tag-slovenscina","tag-zabava","tag-zaroka"],"share_on_mastodon":{"url":"https:\/\/pubeurope.com\/@si\/117003607591811053","error":""},"_links":{"self":[{"href":"https:\/\/www.europesays.com\/si\/wp-json\/wp\/v2\/posts\/174184","targetHints":{"allow":["GET"]}}],"collection":[{"href":"https:\/\/www.europesays.com\/si\/wp-json\/wp\/v2\/posts"}],"about":[{"href":"https:\/\/www.europesays.com\/si\/wp-json\/wp\/v2\/types\/post"}],"author":[{"embeddable":true,"href":"https:\/\/www.europesays.com\/si\/wp-json\/wp\/v2\/users\/2"}],"replies":[{"embeddable":true,"href":"https:\/\/www.europesays.com\/si\/wp-json\/wp\/v2\/comments?post=174184"}],"version-history":[{"count":0,"href":"https:\/\/www.europesays.com\/si\/wp-json\/wp\/v2\/posts\/174184\/revisions"}],"wp:featuredmedia":[{"embeddable":true,"href":"https:\/\/www.europesays.com\/si\/wp-json\/wp\/v2\/media\/174185"}],"wp:attachment":[{"href":"https:\/\/www.europesays.com\/si\/wp-json\/wp\/v2\/media?parent=174184"}],"wp:term":[{"taxonomy":"category","embeddable":true,"href":"https:\/\/www.europesays.com\/si\/wp-json\/wp\/v2\/categories?post=174184"},{"taxonomy":"post_tag","embeddable":true,"href":"https:\/\/www.europesays.com\/si\/wp-json\/wp\/v2\/tags?post=174184"}],"curies":[{"name":"wp","href":"https:\/\/api.w.org\/{rel}","templated":true}]}}