{"id":174204,"date":"2026-07-29T14:13:27","date_gmt":"2026-07-29T14:13:27","guid":{"rendered":"https:\/\/www.europesays.com\/si\/174204\/"},"modified":"2026-07-29T14:13:27","modified_gmt":"2026-07-29T14:13:27","slug":"visoko-visje-najvisje-pogacar-v-visave-s-pilotom-zracne-flote-prevc-video","status":"publish","type":"post","link":"https:\/\/www.europesays.com\/si\/174204\/","title":{"rendered":"Visoko, vi\u0161je, najvi\u0161je: Poga\u010dar v vi\u0161ave s pilotom zra\u010dne flote Prevc #video"},"content":{"rendered":"<p>Komenda bo ta konec tedna znova dihala s kolesarstvom. V doma\u010dem kraju Tadeja Poga\u010darja se obeta tridnevni \u0161portni praznik, ki bo zdru\u017eil tekmovalnost, dru\u017eenje in sprejem junaka Dirke po Franciji, za prav posebno presene\u010denje pa bo v nedeljo poskrbel \u0161e smu\u010darski skakalec Domen Prevc, ki bo prvega kolesarja sveta s Krvavca v doma\u010do Komendo odpeljal s helikopterjem.<\/p>\n<p>Dogajanje se bo za\u010delo v petek s kriterijsko preizku\u0161njo Pogi kriterij, na kateri bo poleg Tadeja Poga\u010darja nastopila tudi vrsta njegovih zvezdni\u0161kih prijateljev, od Isaaca Del Tora, Tima Wellensa, Mattea Trentina, Felixa Grosschartnerja,\u00a0Filippa Ganne do\u00a0Pascala Ackermana, Luke Mezgeca, Mateja Mohori\u010da, Tilna Fink\u0161ta, Jake Primo\u017ei\u010da, Erazma Valjavca in drugih.<\/p>\n<p>Zve\u010der bo sledil uradni sprejem petkratnega zmagovalca Toura in koncert Magnifica, sobota pa bo namenjena predvsem najmlaj\u0161im ljubiteljem kolesarstva, ki bodo kolesarjenje zdru\u017eili z igro in se zabavali ob taktih skupine \u010cuki.<\/p>\n<p>Unikatni S klanca v klanc<\/p>\n<p>\u0160e en vrhunec konca tedna bo v nedeljo, ko bo na sporedu edinstveni kolesarski izziv S klanca v klanc. Poga\u010dar bo na vzponu proti Krvavcu lovil udele\u017eence, ki bodo na progo krenili nekaj minut pred njim. Spomnimo, lani mu je &#8220;ube\u017eal&#8221; le britanski kolesar Andrew Feather, ki je specialist za tovrstne vzpone. Lani nam je v pogovoru za Sportal zagotovil, da<a href=\"https:\/\/siol.net\/sportal\/kolesarstvo\/andrew-feather-naslednje-leto-bom-se-bolje-pripravljen-675124\" target=\"_blank\" rel=\"nofollow noopener\"> bo letos \u0161e bolje pripravljen.<\/a><\/p>\n<p>Poseben pa ne bo le \u0161portni del dneva. Po koncu izziva bo Poga\u010darja s Krvavca v doma\u010do Komendo s helikopterjem odpeljal nih\u010de drug kot Domen Prevc, ljubitelj letenja v vseh pogledih.<\/p>\n<p>Kot so sporo\u010dili organizatorji, bosta svetovna prvaka v svojih \u0161portih s Krvavca poletela proti Komendi, kjer naj bi okoli 14. ure skupaj pozdravila mno\u017eico obiskovalcev. Njuna vrnitev bo tako eden od vrhuncev \u0161portno obarvanega konca tedna.<\/p>\n<p>PROGRAM POGI CHALLENGE 2026:<br \/>\u2013 Petek, 31. julij\u00a0\u2013 8. Kriterij Tadeja Poga\u010darja, uradni sprejem petkratnega zmagovalca dirke po Franciji in ve\u010derni koncert Magnifica.<br \/>\u2013\u00a0Sobota, 1. avgust\u00a0\u2013 Junior Pogi Challenge, dru\u017einski dan ter pester spremljevalni program s skupino \u010cuki.<br \/>\u2013\u00a0Nedelja, 2. avgust\u00a0\u2013 2. rekreativni vzpon\u00a0S Klanca v klanc, ko se bo proti Krvavcu podalo 1.177 udele\u017eencev skupaj s Tadejem Poga\u010darjem.\u00a0<\/p>\n<p>Preberite \u0161e:<\/p>\n","protected":false},"excerpt":{"rendered":"Komenda bo ta konec tedna znova dihala s kolesarstvom. V doma\u010dem kraju Tadeja Poga\u010darja se obeta tridnevni \u0161portni&hellip;\n","protected":false},"author":2,"featured_media":174205,"comment_status":"","ping_status":"","sticky":false,"template":"","format":"standard","meta":{"footnotes":"","_share_on_mastodon":"0"},"categories":[16],"tags":[3248,535,1413,11146,62,37,58,60,38,94,93,1874,9375],"class_list":["post-174204","post","type-post","status-publish","format-standard","has-post-thumbnail","category-sport","tag-dirka-po-franciji","tag-domen-prevc","tag-komenda","tag-pogi-challenge","tag-si","tag-slovene","tag-slovenia","tag-slovenija","tag-slovenscina","tag-sport","tag-sports","tag-tadej-pogacar","tag-tour-de-france"],"share_on_mastodon":{"url":"https:\/\/pubeurope.com\/@si\/117003682090095319","error":""},"_links":{"self":[{"href":"https:\/\/www.europesays.com\/si\/wp-json\/wp\/v2\/posts\/174204","targetHints":{"allow":["GET"]}}],"collection":[{"href":"https:\/\/www.europesays.com\/si\/wp-json\/wp\/v2\/posts"}],"about":[{"href":"https:\/\/www.europesays.com\/si\/wp-json\/wp\/v2\/types\/post"}],"author":[{"embeddable":true,"href":"https:\/\/www.europesays.com\/si\/wp-json\/wp\/v2\/users\/2"}],"replies":[{"embeddable":true,"href":"https:\/\/www.europesays.com\/si\/wp-json\/wp\/v2\/comments?post=174204"}],"version-history":[{"count":0,"href":"https:\/\/www.europesays.com\/si\/wp-json\/wp\/v2\/posts\/174204\/revisions"}],"wp:featuredmedia":[{"embeddable":true,"href":"https:\/\/www.europesays.com\/si\/wp-json\/wp\/v2\/media\/174205"}],"wp:attachment":[{"href":"https:\/\/www.europesays.com\/si\/wp-json\/wp\/v2\/media?parent=174204"}],"wp:term":[{"taxonomy":"category","embeddable":true,"href":"https:\/\/www.europesays.com\/si\/wp-json\/wp\/v2\/categories?post=174204"},{"taxonomy":"post_tag","embeddable":true,"href":"https:\/\/www.europesays.com\/si\/wp-json\/wp\/v2\/tags?post=174204"}],"curies":[{"name":"wp","href":"https:\/\/api.w.org\/{rel}","templated":true}]}}