{"id":174224,"date":"2026-07-29T14:38:08","date_gmt":"2026-07-29T14:38:08","guid":{"rendered":"https:\/\/www.europesays.com\/si\/174224\/"},"modified":"2026-07-29T14:38:08","modified_gmt":"2026-07-29T14:38:08","slug":"domen-prevc-bo-tadeja-pogacarja-s-helikopterjem-pripeljal-v-komendo","status":"publish","type":"post","link":"https:\/\/www.europesays.com\/si\/174224\/","title":{"rendered":"Domen Prevc bo Tadeja Poga\u010darja s helikopterjem pripeljal v Komendo"},"content":{"rendered":"<p>Ob robu kolesarskega izziva Tadeja Poga\u010darja, t. i. Pogi challenge, ki bo potekal ta konec tedna, bosta mo\u010di zdru\u017eila dva slovenska \u0161portna \u0161ampiona.<\/p>\n<p>Kolesarskemu zvezdniku <a href=\"https:\/\/www.zurnal24.si\/sport\/kolesarstvo\/ullrich-podal-svoje-mnenje-o-pogacarju-462864\" onclick=\"window.open(this.href, &#039;&#039;, &#039;resizable=no,status=no,location=no,toolbar=no,menubar=no,fullscreen=no,scrollbars=no,dependent=no&#039;); return false;\" rel=\"nofollow noopener\" target=\"_blank\">Tadeju Poga\u010darju<\/a> se bo v nedeljo pridru\u017eil skakalni as Domen Prevc, ki bo Poga\u010darja v znak \u010destitke za peto zmago na dirki po Franciji s helikopterjem s Krvavca odpeljal nazaj v Komendo.<\/p>\n<p>Konec tedna bo vnovi\u010d na sporedu Poga\u010darjev kolesarski izziv, v nedeljo pa bo na sporedu dirka S Klanca v klanc oziroma vzpon na Krvavec. Po koncu izziva bo najbolj\u0161i skakalec minule zime Prevc nazaj v Komendo odpeljal Poga\u010darja, so danes sporo\u010dili organizatorji.<\/p>\n<p>Kot so navedli, bo Prevc s helikopterjem in Poga\u010darjemna krovu poletel preko Alp proti Komendi, kjer bosta svetovna prvaka v svojih \u0161portih ob predvidoma 14. uri skupaj pozdravila mno\u017eico obiskovalec Poga\u010darjevega izziva.<\/p>\n<p>Leto\u0161nji Pogi challenge se bo za\u010del \u017ee v petek, ko bo na vrsti osmi kriterij Tadeja Poga\u010darja. Po dirki bo potekal tudi uradni sprejem Poga\u010darja.<\/p>\n<p><a href=\"https:\/\/www.zurnal24.si\/sport\/kolesarstvo\/mailto:dezurni@styria-media.si\" target=\"_blank\" rel=\"nofollow noopener\">dezurni@styria-media.si<\/a><\/p>\n","protected":false},"excerpt":{"rendered":"Ob robu kolesarskega izziva Tadeja Poga\u010darja, t. i. Pogi challenge, ki bo potekal ta konec tedna, bosta mo\u010di&hellip;\n","protected":false},"author":2,"featured_media":174225,"comment_status":"","ping_status":"","sticky":false,"template":"","format":"standard","meta":{"footnotes":"","_share_on_mastodon":"0"},"categories":[20],"tags":[535,32,703,35,31,34,36,11146,37,38,1874,33],"class_list":["post-174224","post","type-post","status-publish","format-standard","has-post-thumbnail","category-novice","tag-domen-prevc","tag-headlines","tag-helikopter","tag-najpomembnejse-novice","tag-news","tag-novice","tag-osrednje-novice","tag-pogi-challenge","tag-slovene","tag-slovenscina","tag-tadej-pogacar","tag-top-stories"],"share_on_mastodon":{"url":"https:\/\/pubeurope.com\/@si\/117003780466730317","error":""},"_links":{"self":[{"href":"https:\/\/www.europesays.com\/si\/wp-json\/wp\/v2\/posts\/174224","targetHints":{"allow":["GET"]}}],"collection":[{"href":"https:\/\/www.europesays.com\/si\/wp-json\/wp\/v2\/posts"}],"about":[{"href":"https:\/\/www.europesays.com\/si\/wp-json\/wp\/v2\/types\/post"}],"author":[{"embeddable":true,"href":"https:\/\/www.europesays.com\/si\/wp-json\/wp\/v2\/users\/2"}],"replies":[{"embeddable":true,"href":"https:\/\/www.europesays.com\/si\/wp-json\/wp\/v2\/comments?post=174224"}],"version-history":[{"count":0,"href":"https:\/\/www.europesays.com\/si\/wp-json\/wp\/v2\/posts\/174224\/revisions"}],"wp:featuredmedia":[{"embeddable":true,"href":"https:\/\/www.europesays.com\/si\/wp-json\/wp\/v2\/media\/174225"}],"wp:attachment":[{"href":"https:\/\/www.europesays.com\/si\/wp-json\/wp\/v2\/media?parent=174224"}],"wp:term":[{"taxonomy":"category","embeddable":true,"href":"https:\/\/www.europesays.com\/si\/wp-json\/wp\/v2\/categories?post=174224"},{"taxonomy":"post_tag","embeddable":true,"href":"https:\/\/www.europesays.com\/si\/wp-json\/wp\/v2\/tags?post=174224"}],"curies":[{"name":"wp","href":"https:\/\/api.w.org\/{rel}","templated":true}]}}