{"id":174696,"date":"2026-07-30T02:37:07","date_gmt":"2026-07-30T02:37:07","guid":{"rendered":"https:\/\/www.europesays.com\/si\/174696\/"},"modified":"2026-07-30T02:37:07","modified_gmt":"2026-07-30T02:37:07","slug":"rdeci-alarm-kaj-pripravljata-milijarder-soros-in-nika-kovac-jansevi-vladi","status":"publish","type":"post","link":"https:\/\/www.europesays.com\/si\/174696\/","title":{"rendered":"[Rde\u010di alarm] Kaj pripravljata milijarder Soros in Nika Kova\u010d Jan\u0161evi vladi?"},"content":{"rendered":"<p dir=\"auto\" style=\"text-align: justify;\">Kot smo poro\u010dali <a href=\"https:\/\/nova24tv.si\/foto-milijarder-in-financer-8-marca-soros-obiskal-niko-kovac\/\" rel=\"nofollow noopener\" target=\"_blank\">tukaj,<\/a> se je sin milijarderja Georgea Sorosa in trenutni predsednik Open Society Foundations Alexander Soros v teh dneh mudil v Sloveniji. Sre\u010dal se je s filozofom Slavojem \u017di\u017ekom, sre\u010danje pa je kot \u201cskupna prijateljica\u201d organizirala Nika Kova\u010d, direktorica In\u0161tituta 8. marec. Politi\u010dni komentator Miran Videti\u010d je jasen: \u201cTa obisk je zagotovo povezan z obstoje\u010do slovensko vlado.\u201d<\/p>\n<p dir=\"auto\" style=\"text-align: justify;\">Obisk prihaja v \u010dasu, ko so podatki o tujem financiranju politi\u010dnega aktivizma v Sloveniji \u017ee mesece javni. In\u0161titut 8. marec je v preteklih letih prejel ve\u010d kot 300.000 ameri\u0161kih dolarjev od Open Society Foundations. Triletni dogovor se je iztekel, fundacija sodelovanja ne nadaljuje. Dejstvo ostaja, da je ta denar sofinanciral delovanje ene od najbolj medijsko izpostavljenih progresivnih organizacij v dr\u017eavi.<\/p>\n<p dir=\"auto\" style=\"text-align: justify;\"><a href=\"https:\/\/nova24tv.si\/kdo-je-napadalec-na-krscanske-simbole-v-medzugorju\/\" rel=\"nofollow noopener\" target=\"_blank\"><\/p>\n<p> Preberite tudi: Kdo je napadalec na kr\u0161\u010danske simbole v Med\u017eugorju?<\/p>\n<p><\/a><\/p>\n<p dir=\"auto\" style=\"text-align: justify;\">Prav iz tega razloga in \u0161tevilnih ostalih je Videti\u010d do uradne predstavitve sre\u010danja skepti\u010den: \u201cTista skromna in skupna izjava o sre\u010danju \u017di\u017eka in Sorosa je mislim, da samo krinka za vse tiste stvari, ki se dogajajo v ozadju. Mislim pa, da bi to moralo zanimati tudi dr\u017eavo. Soros ni nekdo, ki pride z vre\u010dko jabolk in hru\u0161k, in dr\u017eava bi morala pomisliti na to, da gre lahko za vme\u0161avanje v notranje politi\u010dne zadeve dr\u017eave.\u201d<\/p>\n<p dir=\"auto\" style=\"text-align: justify;\">In\u0161titut 8. marec je v preteklih letih vodil ve\u010d referendumskih kampanj, volilnih mobilizacij in pritiskov na zakonodajo. Ista okolja, iz katerih prihaja, so v preteklosti ve\u010dkrat opozarjala na tuje vme\u0161avanje, kadar je \u0161lo za domnevne vplive z desne ali iz Izraela. O financiranju iz mre\u017ee Open Society Foundations pa javne razprave sploh ni bilo. Tudi ne s strani samooklicanih objektivnih in nepristranskih medijev.<\/p>\n<p dir=\"auto\" style=\"text-align: justify;\">Open Society Foundations sistemati\u010dno financirajo organizacije po svetu. V ZDA George Soros osebno donira stotine milijonov v volilne cikle \u2013 samo v volilnem ciklu 2022 je osebno prispeval pribli\u017eno 180 milijonov dolarjev, v zadnjih dveh ciklih skupaj pa ve\u010d sto milijonov. V Evropi so Open Society Foundations med drugim delovale na Mad\u017earskem (od koder so se leta 2018 umaknile), v Rusiji (kjer so jih prepovedali), Poljski, Romuniji, Bolgariji, Srbiji in drugih dr\u017eavah Srednje in Vzhodne Evrope. Ukrajina je ena od dr\u017eav z najve\u010djim obsegom financiranja civilne dru\u017ebe (stotine milijonov skozi leta).<\/p>\n<p dir=\"auto\" style=\"text-align: justify;\">Model je jasen: zasebni kapital s politi\u010dno usmeritvijo gradi mre\u017eo civilnodru\u017ebenih organizacij, ki vplivajo na javno mnenje, referendume in politi\u010dne procese. Videti\u010d dodaja: \u201cVemo, da je George Soros pravzaprav financer tistih, ki na nek na\u010din uni\u010dujejo narode in vere. To je ta globalisti\u010dna ideja, ki je tesno povezana seveda tudi s posli dru\u017eine Soros.\u201d<\/p>\n<p dir=\"auto\" style=\"text-align: justify;\">Sporo\u010dilo Robertu Golobu<\/p>\n<p dir=\"auto\" style=\"text-align: justify;\">Videti\u010d opozarja tudi na politi\u010dno dimenzijo obiska v odnosu do premierja: \u201cDrugi razlog, ki bi moral skrbeti Roberta Goloba, pa je, da je dru\u017eina Soros v preteklosti \u2013 in veste, mehanizem \u2013 Golobu pravzaprav omogo\u010dala neko pomo\u010d. S tem obiskom pri Niki Kova\u010d so jasno pokazali, da je Golob nezanesljiv in nesposoben za neke nove politi\u010dne uspehe. Mislim, da sta to dva glavna namena. Verjetno gre tudi za financiranje.\u201d<\/p>\n<p><img fetchpriority=\"high\" decoding=\"async\" class=\"size-full wp-image-793789\" src=\"https:\/\/www.europesays.com\/si\/wp-content\/uploads\/2026\/07\/pro-aEKAuqx0.jpeg\" alt=\"\" width=\"1080\" height=\"720\"  \/>Vodja Open Society fundacije Alexsander Soros in predsednik vlade Robert Golob. Vir: Vlada RS<\/p>\n<p dir=\"auto\">Vpletanje v suverenost na\u0161e dr\u017eave<\/p>\n<p dir=\"auto\" style=\"text-align: justify;\">Morebitni dogodki, ki bi po tem obisku sledili, so po mnenju Videti\u010da lahko \u201cza javnost zanimiv podatek, ampak jaz mislim, da morajo tukaj profesionalno oddelati slu\u017ebe, ki skrbijo za ustavni red Republike Slovenije \u2013 predvsem mislim na obve\u0161\u010devalno slu\u017ebo, glede na to, da je Soros tujec, in morebiti tudi represivne organe. Samo naivni lahko verjamejo, da Nika Kova\u010d in dru\u017eina Soros delujeta zato, da bi bil svet lep\u0161i in bolj\u0161i. Mislim, da so organizacije, kot je In\u0161titut 8. marec, absolutno v rokah gospodarjev, ki imajo, kot sem \u017ee prej povedal, svoje ideolo\u0161ke in finan\u010dne interese.\u201d<\/p>\n<p dir=\"auto\">T.B.<\/p>\n","protected":false},"excerpt":{"rendered":"Kot smo poro\u010dali tukaj, se je sin milijarderja Georgea Sorosa in trenutni predsednik Open Society Foundations Alexander Soros&hellip;\n","protected":false},"author":2,"featured_media":174697,"comment_status":"","ping_status":"","sticky":false,"template":"","format":"standard","meta":{"footnotes":"","_share_on_mastodon":"0"},"categories":[6],"tags":[44763,18922,44764,7251,496,59,61,62,37,58,60,38,9609],"class_list":["post-174696","post","type-post","status-publish","format-standard","has-post-thumbnail","category-slovenija","tag-alexander-soros","tag-george-soros","tag-globalizem","tag-izpostavljeno","tag-nika-kovac","tag-republic-of-slovenia","tag-republika-slovenija","tag-si","tag-slovene","tag-slovenia","tag-slovenija","tag-slovenscina","tag-tuji-vpliv"],"share_on_mastodon":{"url":"https:\/\/pubeurope.com\/@si\/117006607693791670","error":""},"_links":{"self":[{"href":"https:\/\/www.europesays.com\/si\/wp-json\/wp\/v2\/posts\/174696","targetHints":{"allow":["GET"]}}],"collection":[{"href":"https:\/\/www.europesays.com\/si\/wp-json\/wp\/v2\/posts"}],"about":[{"href":"https:\/\/www.europesays.com\/si\/wp-json\/wp\/v2\/types\/post"}],"author":[{"embeddable":true,"href":"https:\/\/www.europesays.com\/si\/wp-json\/wp\/v2\/users\/2"}],"replies":[{"embeddable":true,"href":"https:\/\/www.europesays.com\/si\/wp-json\/wp\/v2\/comments?post=174696"}],"version-history":[{"count":0,"href":"https:\/\/www.europesays.com\/si\/wp-json\/wp\/v2\/posts\/174696\/revisions"}],"wp:featuredmedia":[{"embeddable":true,"href":"https:\/\/www.europesays.com\/si\/wp-json\/wp\/v2\/media\/174697"}],"wp:attachment":[{"href":"https:\/\/www.europesays.com\/si\/wp-json\/wp\/v2\/media?parent=174696"}],"wp:term":[{"taxonomy":"category","embeddable":true,"href":"https:\/\/www.europesays.com\/si\/wp-json\/wp\/v2\/categories?post=174696"},{"taxonomy":"post_tag","embeddable":true,"href":"https:\/\/www.europesays.com\/si\/wp-json\/wp\/v2\/tags?post=174696"}],"curies":[{"name":"wp","href":"https:\/\/api.w.org\/{rel}","templated":true}]}}