{"id":175027,"date":"2026-07-30T09:31:13","date_gmt":"2026-07-30T09:31:13","guid":{"rendered":"https:\/\/www.europesays.com\/si\/175027\/"},"modified":"2026-07-30T09:31:13","modified_gmt":"2026-07-30T09:31:13","slug":"oce-amy-winehouse-mora-njenima-prijateljicama-placati-milijon-funtov","status":"publish","type":"post","link":"https:\/\/www.europesays.com\/si\/175027\/","title":{"rendered":"O\u010de Amy Winehouse mora njenima prijateljicama pla\u010dati milijon funtov"},"content":{"rendered":"<p>\t\t\t\t\t\t\t\t<a href=\"https:\/\/www.europesays.com\/si\/wp-content\/uploads\/2026\/07\/67064619.jpg\" itemprop=\"contentUrl\" data-size=\"1200x800\" data-large=\"https:\/\/www.europesays.com\/si\/wp-content\/uploads\/2026\/07\/67064619.jpg\"><br \/>\n\t\t\t\t\t\t\t\t\t<img decoding=\"async\" src=\"https:\/\/www.europesays.com\/si\/wp-content\/uploads\/2026\/07\/67064619.jpg\" title=\"Amy in Mitch Winehouse sta imela tesen, a kompleksen odnos. Foto: EPA\" alt=\"Amy in Mitch Winehouse sta imela tesen, a kompleksen odnos. Foto: EPA\"\/><br \/>\n\t\t\t\t\t\t\t\t<\/a><\/p>\n<p>\t\t\t\t\t\t\t\t\tAmy in Mitch Winehouse sta imela tesen, a kompleksen odnos. Foto: EPA<\/p>\n<p>\t\t\t\t\t\t\t<a id=\"preferredSourceBanner\" href=\"https:\/\/www.rtvslo.si\/zabava-in-slog\/znani\/oce-amy-winehouse-mora-njenima-prijateljicama-placati-milijon-funtov\/javascript:void(0)\" target=\"_blank\" class=\"d-none align-items-center justify-content-between rounded my-3\" style=\"padding: 10px 15px;\" rel=\"nofollow noopener\"><br \/>\n\t\t\t\t\t\t<img decoding=\"async\" src=\"https:\/\/img.rtvslo.si\/_static\/novi\/img\/ico-google.svg\" class=\"flex-shrink-0 mr-3\" aria-hidden=\"true\"\/><br \/>\n\t\t\t\t\t\tSpremljajte RTVSLO.si kot prednostni vir na Google<\/p>\n<p>\t\t\t\t\t<\/a><\/p>\n<p>Mitch Winehouse je aprila izgubil sodni spor na vi\u0161jem sodi\u0161\u010du v Londonu proti dvema prijateljicama Amy Winehouse, ki sta nekaj let po njeni smrti na dra\u017ebi prodali na desetine kosov njenih obla\u010dil in drugih predmetov.<\/p>\n<p>Oglas<\/p>\n<p>Slavna pevka in tekstopiska, znana po svojem raskavem glasu in meteorskem svetovnem uspehu v mladosti, je julija 2011 umrla zaradi zastrupitve z alkoholom pri komaj 27 letih.<\/p>\n<p>Nekdanja pevkina stilistka Naomi Parry in njena prijateljica Catriona Gourlay sta zanikali, da bi pri dra\u017ebi predmetov, ki so jima bili po njunih besedah podarjeni ali posojeni, ravnali nepo\u0161teno. Njen o\u010de je trdil, da nista imeli pravice prodajati teh predmetov.<\/p>\n<p>155 predmetov, prodanih na dra\u017ebah med letoma 2021 in 2023, je vklju\u010devalo obla\u010dila, baletne copate, torbice, uhane in li\u010dila pokojne pevke ter obleko, ki jo je nosila na svoji zadnji turneji leta 2011. To\u017ee\u010da stran je na sojenju trdila, da sta prijateljici &#8220;izkoristili&#8221; o\u010detovo pozabljivost in od prodaje pridobili ve\u010d kot milijon funtov.<\/p>\n<p>\t\t\t\t\t\t\t\t<a href=\"https:\/\/www.europesays.com\/si\/wp-content\/uploads\/2026\/07\/67064620.jpg\" itemprop=\"contentUrl\" data-size=\"1200x800\" data-large=\"https:\/\/www.europesays.com\/si\/wp-content\/uploads\/2026\/07\/67064620.jpg\"><br \/>\n\t\t\t\t\t\t\t\t\t<img decoding=\"async\" src=\"https:\/\/www.europesays.com\/si\/wp-content\/uploads\/2026\/07\/67064620.jpg\" title=\"Winehouse ob kipu svoje pokojne h\u010derke v londonski soseski Camden, kjer je \u017eivela. Foto: EPA\" alt=\"Winehouse ob kipu svoje pokojne h\u010derke v londonski soseski Camden, kjer je \u017eivela. Foto: EPA\"\/><br \/>\n\t\t\t\t\t\t\t\t<\/a><\/p>\n<p>\t\t\t\t\t\t\t\t\tWinehouse ob kipu svoje pokojne h\u010derke v londonski soseski Camden, kjer je \u017eivela. Foto: EPA<\/p>\n<p>\t\t\t\t\t\t\tSodnica poudarila Amyjino velikodu\u0161nost<\/p>\n<p>Sodnica Sarah Clarke je ugotovila, da \u017eenski nista namerno skrivali predmetov pred o\u010detom Amy Winehouse, ki je &#8220;ves \u010das vedel&#8221; za na\u010drtovano dra\u017ebo in ju je \u0161ele po kon\u010dani prodaji to\u017eil zaradi denarja.<\/p>\n<p>&#8220;To\u017enik se je odlo\u010dil vlo\u017eiti v osnovi \u0161ibko to\u017ebo, jo agresivno in nepopustljivo voditi do konca ter proti to\u017eenima izre\u010di resne in neutemeljene obto\u017ebe, ki so bistveno po\u0161kodovale njun ugled, karierne mo\u017enosti, finan\u010dno varnost in zdravje,&#8221; je ob razsodbi dejala sodnica.<\/p>\n<p>&#8220;Da je to zavestno in namerno storil dvema mladima \u017eenskama, ki sta zvesto stali ob Amy, &#8230; dela njegovo nerazumno ravnanje \u0161e posebej resno.&#8221;<\/p>\n<p>V razsodbi aprila je sodnica poudarila, da je bila Amy Winehouse znana po svoji &#8220;izjemni velikodu\u0161nosti do prijateljev in tudi tistih, ki jih je komaj poznala&#8221;, poro\u010da Guradian.<\/p>\n<p>Amy in Mitch Winehouse sta imela kompleksen, tesen odnos, ki se je pogosto zna\u0161el pod drobnogledom javnosti. Prav on jo je mo\u010dno spodbujal na glasbeni poti in ji stal ob strani, po drugi strani pa mu kritiki o\u010ditajo, da se je okori\u0161\u010dal z njeno slavo. <\/p>\n<p>Oglas<\/p>\n","protected":false},"excerpt":{"rendered":"Amy in Mitch Winehouse sta imela tesen, a kompleksen odnos. Foto: EPA Spremljajte RTVSLO.si kot prednostni vir na&hellip;\n","protected":false},"author":2,"featured_media":175028,"comment_status":"","ping_status":"","sticky":false,"template":"","format":"standard","meta":{"footnotes":"","_share_on_mastodon":"0"},"categories":[18],"tags":[21340,114,44829,62,37,58,60,38,2269,115],"class_list":["post-175027","post","type-post","status-publish","format-standard","has-post-thumbnail","category-zabava","tag-amy-winehouse","tag-entertainment","tag-mitch-winehouse","tag-si","tag-slovene","tag-slovenia","tag-slovenija","tag-slovenscina","tag-tozba","tag-zabava"],"share_on_mastodon":{"url":"https:\/\/pubeurope.com\/@si\/117008235985297811","error":""},"_links":{"self":[{"href":"https:\/\/www.europesays.com\/si\/wp-json\/wp\/v2\/posts\/175027","targetHints":{"allow":["GET"]}}],"collection":[{"href":"https:\/\/www.europesays.com\/si\/wp-json\/wp\/v2\/posts"}],"about":[{"href":"https:\/\/www.europesays.com\/si\/wp-json\/wp\/v2\/types\/post"}],"author":[{"embeddable":true,"href":"https:\/\/www.europesays.com\/si\/wp-json\/wp\/v2\/users\/2"}],"replies":[{"embeddable":true,"href":"https:\/\/www.europesays.com\/si\/wp-json\/wp\/v2\/comments?post=175027"}],"version-history":[{"count":0,"href":"https:\/\/www.europesays.com\/si\/wp-json\/wp\/v2\/posts\/175027\/revisions"}],"wp:featuredmedia":[{"embeddable":true,"href":"https:\/\/www.europesays.com\/si\/wp-json\/wp\/v2\/media\/175028"}],"wp:attachment":[{"href":"https:\/\/www.europesays.com\/si\/wp-json\/wp\/v2\/media?parent=175027"}],"wp:term":[{"taxonomy":"category","embeddable":true,"href":"https:\/\/www.europesays.com\/si\/wp-json\/wp\/v2\/categories?post=175027"},{"taxonomy":"post_tag","embeddable":true,"href":"https:\/\/www.europesays.com\/si\/wp-json\/wp\/v2\/tags?post=175027"}],"curies":[{"name":"wp","href":"https:\/\/api.w.org\/{rel}","templated":true}]}}