{"id":176336,"date":"2026-07-31T12:41:14","date_gmt":"2026-07-31T12:41:14","guid":{"rendered":"https:\/\/www.europesays.com\/si\/176336\/"},"modified":"2026-07-31T12:41:14","modified_gmt":"2026-07-31T12:41:14","slug":"filip-matej-pfeifer-in-nina-kostanjsek-v-polfinalu-ep-ja","status":"publish","type":"post","link":"https:\/\/www.europesays.com\/si\/176336\/","title":{"rendered":"Filip Matej Pfeifer in Nina Kostanj\u0161ek v polfinalu EP-ja"},"content":{"rendered":"<p>\t\t\t\t\t\t\t\t<a href=\"https:\/\/www.europesays.com\/si\/wp-content\/uploads\/2026\/07\/67056701.jpg\" itemprop=\"contentUrl\" data-size=\"1200x800\" data-large=\"https:\/\/www.europesays.com\/si\/wp-content\/uploads\/2026\/07\/67056701.jpg\"><br \/>\n\t\t\t\t\t\t\t\t\t<img decoding=\"async\" src=\"https:\/\/www.europesays.com\/si\/wp-content\/uploads\/2026\/07\/67056701.jpg\" title=\"Filip Matej Pfeifer. Foto: www.alesfevzer.com\" alt=\"Filip Matej Pfeifer. Foto: www.alesfevzer.com\"\/><br \/>\n\t\t\t\t\t\t\t\t<\/a><\/p>\n<p>\t\t\t\t\t\t\t\t\tFilip Matej Pfeifer. Foto: www.alesfevzer.com<\/p>\n<p>\t\t\t\t\t\t\t<a id=\"preferredSourceBanner\" href=\"https:\/\/www.rtvslo.si\/sport\/preostali-sporti\/filip-matej-pfeifer-in-nina-kostanjsek-v-polfinalu-ep-ja\/javascript:void(0)\" target=\"_blank\" class=\"d-none align-items-center justify-content-between rounded my-3\" style=\"padding: 10px 15px;\" rel=\"nofollow noopener\"><br \/>\n\t\t\t\t\t\t<img decoding=\"async\" src=\"https:\/\/img.rtvslo.si\/_static\/novi\/img\/ico-google.svg\" class=\"flex-shrink-0 mr-3\" aria-hidden=\"true\"\/><br \/>\n\t\t\t\t\t\tSpremljajte RTVSLO.si kot prednostni vir na Google<\/p>\n<p>\t\t\t\t\t<\/a><\/p>\n<p>\u0160portna sre\u010da se je v Italiji nasmehnila predvsem olimpijki iz Pariza Nini Kostanj\u0161ek, ki je v uvodni predtekmovalni skupini zasedla peto mesto, dose\u017eek 7:38,21 pa je vendarle zadostoval za sobotno dvanajsterico, ki se bo borila za finale.<\/p>\n<p>Oglas<\/p>\n<p>V mo\u0161ki konkurenci je bil Pfeifer v svoji skupini \u010detrti, po \u010dasu pa je brez te\u017eav napredoval v polfinale.<\/p>\n<p>\t\t\t\t\t\t\t\t<a href=\"https:\/\/www.europesays.com\/si\/wp-content\/uploads\/2026\/07\/1785501674_357_66207707.jpg\" itemprop=\"contentUrl\" data-size=\"1200x800\" data-large=\"https:\/\/www.europesays.com\/si\/wp-content\/uploads\/2026\/07\/1785501674_357_66207707.jpg\"><br \/>\n\t\t\t\t\t\t\t\t\t<img decoding=\"async\" src=\"https:\/\/www.europesays.com\/si\/wp-content\/uploads\/2026\/07\/1785501674_357_66207707.jpg\" title=\"Nina Kostanj\u0161ek. Foto: Reuters\" alt=\"Nina Kostanj\u0161ek. Foto: Reuters\"\/><br \/>\n\t\t\t\t\t\t\t\t<\/a><\/p>\n<p>\t\t\t\t\t\t\t\t\tNina Kostanj\u0161ek. Foto: Reuters<\/p>\n<p>Ve\u010d sta od evropskega prvenstva pri\u010dakovala blejski olimpijec \u017dvegelj in Maribor\u010dan Brglez, ki pa sta v osr\u010dju Lombardije v svoji skupini pristala na tretjem mestu. Zaradi majhnega \u0161tevila \u010dolnov sta s skupno sedmim dose\u017ekom kot najhitrej\u0161a pristala v finalu B, saj polfinala v tej disciplini ni.<\/p>\n<p>Oglas<\/p>\n","protected":false},"excerpt":{"rendered":"Filip Matej Pfeifer. Foto: www.alesfevzer.com Spremljajte RTVSLO.si kot prednostni vir na Google \u0160portna sre\u010da se je v Italiji&hellip;\n","protected":false},"author":2,"featured_media":176337,"comment_status":"","ping_status":"","sticky":false,"template":"","format":"standard","meta":{"footnotes":"","_share_on_mastodon":"0"},"categories":[16],"tags":[33252,38257,44856,62,45058,37,58,60,38,94,93],"class_list":["post-176336","post","type-post","status-publish","format-standard","has-post-thumbnail","category-sport","tag-ep","tag-filip-matej-pfeifer","tag-nina-kostanjsek","tag-si","tag-skifista","tag-slovene","tag-slovenia","tag-slovenija","tag-slovenscina","tag-sport","tag-sports"],"share_on_mastodon":{"url":"https:\/\/pubeurope.com\/@si\/117014645048647999","error":""},"_links":{"self":[{"href":"https:\/\/www.europesays.com\/si\/wp-json\/wp\/v2\/posts\/176336","targetHints":{"allow":["GET"]}}],"collection":[{"href":"https:\/\/www.europesays.com\/si\/wp-json\/wp\/v2\/posts"}],"about":[{"href":"https:\/\/www.europesays.com\/si\/wp-json\/wp\/v2\/types\/post"}],"author":[{"embeddable":true,"href":"https:\/\/www.europesays.com\/si\/wp-json\/wp\/v2\/users\/2"}],"replies":[{"embeddable":true,"href":"https:\/\/www.europesays.com\/si\/wp-json\/wp\/v2\/comments?post=176336"}],"version-history":[{"count":0,"href":"https:\/\/www.europesays.com\/si\/wp-json\/wp\/v2\/posts\/176336\/revisions"}],"wp:featuredmedia":[{"embeddable":true,"href":"https:\/\/www.europesays.com\/si\/wp-json\/wp\/v2\/media\/176337"}],"wp:attachment":[{"href":"https:\/\/www.europesays.com\/si\/wp-json\/wp\/v2\/media?parent=176336"}],"wp:term":[{"taxonomy":"category","embeddable":true,"href":"https:\/\/www.europesays.com\/si\/wp-json\/wp\/v2\/categories?post=176336"},{"taxonomy":"post_tag","embeddable":true,"href":"https:\/\/www.europesays.com\/si\/wp-json\/wp\/v2\/tags?post=176336"}],"curies":[{"name":"wp","href":"https:\/\/api.w.org\/{rel}","templated":true}]}}