{"id":176600,"date":"2026-07-31T18:13:07","date_gmt":"2026-07-31T18:13:07","guid":{"rendered":"https:\/\/www.europesays.com\/si\/176600\/"},"modified":"2026-07-31T18:13:07","modified_gmt":"2026-07-31T18:13:07","slug":"carmen-osovnikar-napadel-pred-bencinsko-crpalko","status":"publish","type":"post","link":"https:\/\/www.europesays.com\/si\/176600\/","title":{"rendered":"Carmen Osovnikar napadel pred bencinsko \u010drpalko"},"content":{"rendered":"<p>Carmen Osovnikar je zgro\u017eena nad obna\u0161anjem starej\u0161im ljudi.<\/p>\n<p>V nadaljevanju preberite:<\/p>\n<p>Nekdanja udele\u017eenka resni\u010dnostnih \u0161ovov Carmen Osovnikar je spregovorila o neprijetnih izku\u0161njah, s katerimi se soo\u010da zaradi prepoznavnosti in odzivov javnosti.<br \/>\nNajprej se je odzvala na o\u010ditke, da na dru\u017ebenih omre\u017ejih digitalno podalj\u0161uje svoje noge. Poudarila je, da so njene dolge noge povsem naravne.<br \/>\nNeprijetno sre\u010danje je do\u017eivela tudi na bencinski \u010drpalki, kjer ji je neznanec o\u010dital, da si je mercedesa privo\u0161\u010dila z zaslu\u017ekom iz resni\u010dnostnih \u0161ovov.<br \/>\nCarmen je pojasnila, da avtomobil vozi \u017ee 11 let, torej \u0161e iz \u010dasa pred televizijskimi nastopi.<br \/>\nOb tem je opozorila na hitro obsojanje in stereotipe o javnih osebah ter dejala, da najve\u010d negativnih komentarjev po njenih izku\u0161njah prihaja od starej\u0161ih ljudi.<\/p>\n<p>S slavo ne pridejo le prijetne stvari. To vam bodo potrdili vsi, ki so na o\u010deh javnosti &#8211; tudi Carmen Osovnikar, ki je sodelovala v treh resni\u010dnostnih \u0161ovov, Sanjskem mo\u0161kem, Vra\u017ejih damah in Kmetiji.\u00a0<\/p>\n<p>Maribor\u010danka, sicer uspe\u0161na podjetnica, se je ta teden kar dvakrat zgrozila zaradi neprimernih komentarjev. Najprej so visokoraslo lepotico obto\u017eili, da na posnetkih podalj\u0161uje svoje noge.\u00a0<\/p>\n<p>&#8220;Ne ve, kam gre ta svet,&#8221; je Carmen za\u010dela svojo pripoved in razlo\u017eila, da so njene noge naravne. &#8220;To so moje noge, tak\u0161na sem se rodila. Moram vas razo\u010darati, da niso podalj\u0161ane in umetne,\u00a0ampak \u010disto prave.&#8221;<\/p>\n<p>Nato je neprijeten trenutek do\u017eivela \u0161e pred bencinsko \u010drpalko. Ko se je ustavila, je sre\u010dala starej\u0161ega gospoda, ki je pohvalil njenega mercedesa. Ko sta se ponovno sre\u010dala \u0161e nekaj minut pozneje, pa jo je napadel.<\/p>\n<p>&#8220;&#8216;Ja ja, ta avto je pri\u0161el od \u0161ovov, a ne.&#8217; \u010ce\u0161 da sem veliko zaslu\u017eila po \u0161ovih. &#8216;Je treba delat! Delat in kuhat!&#8217; Povedala sem mu,\u00a0da delam marsikaj. On je na to rekel: &#8216;Ja ja, vidim, kako delate.&#8217; Kot da lahko v na\u0161ih\u00a0\u0161ovih zaslu\u017ei\u0161 za avto, hi\u0161o &#8230; Mercedes vozim \u017ee 11 let, pa takrat \u0161e nisem bila v \u0161ovu,&#8221; je povedala Carmen. &#8220;Ampak on\u00a0mene pozna in ve, kaj delam. Fascinantno je, kako te poznajo. Prvi\u010d te vidijo, a vedo vse o meni. Kaj delam, s \u010dim se ukvarjam &#8230; Ne delam, hodim po \u0161ovih,&#8221; je \u0161e dodala in ob tem ugotavljala, da negativni in nesramni komentarji ve\u010dino prihajajo iz ust starej\u0161ih ljudi. &#8220;Nimate bolj\u0161ega dela, kot se ukvarjati z drugimi?&#8221; se spra\u0161uje Carmen, ki verjetno ni edina, ki si postavlja to vpra\u0161anje.<\/p>\n","protected":false},"excerpt":{"rendered":"Carmen Osovnikar je zgro\u017eena nad obna\u0161anjem starej\u0161im ljudi. V nadaljevanju preberite: Nekdanja udele\u017eenka resni\u010dnostnih \u0161ovov Carmen Osovnikar je&hellip;\n","protected":false},"author":2,"featured_media":176601,"comment_status":"","ping_status":"","sticky":false,"template":"","format":"standard","meta":{"footnotes":"","_share_on_mastodon":"0"},"categories":[18],"tags":[1704,114,399,7736,62,37,58,60,38,115],"class_list":["post-176600","post","type-post","status-publish","format-standard","has-post-thumbnail","category-zabava","tag-carmen-osovnikar","tag-entertainment","tag-kmetija","tag-mercedes","tag-si","tag-slovene","tag-slovenia","tag-slovenija","tag-slovenscina","tag-zabava"],"share_on_mastodon":{"url":"https:\/\/pubeurope.com\/@si\/117015950475277487","error":""},"_links":{"self":[{"href":"https:\/\/www.europesays.com\/si\/wp-json\/wp\/v2\/posts\/176600","targetHints":{"allow":["GET"]}}],"collection":[{"href":"https:\/\/www.europesays.com\/si\/wp-json\/wp\/v2\/posts"}],"about":[{"href":"https:\/\/www.europesays.com\/si\/wp-json\/wp\/v2\/types\/post"}],"author":[{"embeddable":true,"href":"https:\/\/www.europesays.com\/si\/wp-json\/wp\/v2\/users\/2"}],"replies":[{"embeddable":true,"href":"https:\/\/www.europesays.com\/si\/wp-json\/wp\/v2\/comments?post=176600"}],"version-history":[{"count":0,"href":"https:\/\/www.europesays.com\/si\/wp-json\/wp\/v2\/posts\/176600\/revisions"}],"wp:featuredmedia":[{"embeddable":true,"href":"https:\/\/www.europesays.com\/si\/wp-json\/wp\/v2\/media\/176601"}],"wp:attachment":[{"href":"https:\/\/www.europesays.com\/si\/wp-json\/wp\/v2\/media?parent=176600"}],"wp:term":[{"taxonomy":"category","embeddable":true,"href":"https:\/\/www.europesays.com\/si\/wp-json\/wp\/v2\/categories?post=176600"},{"taxonomy":"post_tag","embeddable":true,"href":"https:\/\/www.europesays.com\/si\/wp-json\/wp\/v2\/tags?post=176600"}],"curies":[{"name":"wp","href":"https:\/\/api.w.org\/{rel}","templated":true}]}}