{"id":178377,"date":"2026-08-02T16:32:11","date_gmt":"2026-08-02T16:32:11","guid":{"rendered":"https:\/\/www.europesays.com\/si\/178377\/"},"modified":"2026-08-02T16:32:11","modified_gmt":"2026-08-02T16:32:11","slug":"domen-prevc-poskrbel-da-se-je-pogacar-v-zraku-sprostil","status":"publish","type":"post","link":"https:\/\/www.europesays.com\/si\/178377\/","title":{"rendered":"Domen Prevc poskrbel, da se je Poga\u010dar v zraku sprostil"},"content":{"rendered":"<p>\t\t\t\t\t\t\t\t<a href=\"https:\/\/www.europesays.com\/si\/wp-content\/uploads\/2026\/08\/67065397.jpg\" itemprop=\"contentUrl\" data-size=\"1200x800\" data-large=\"https:\/\/www.europesays.com\/si\/wp-content\/uploads\/2026\/08\/67065397.jpg\"><br \/>\n\t\t\t\t\t\t\t\t\t<img decoding=\"async\" src=\"https:\/\/www.europesays.com\/si\/wp-content\/uploads\/2026\/08\/67065397.jpg\" title=\"Foto: BoBo\" alt=\"Foto: BoBo\"\/><br \/>\n\t\t\t\t\t\t\t\t<\/a><\/p>\n<p>\t\t\t\t\t\t\t\t\tFoto: BoBo<\/p>\n<p>\t\t\t\t\t\t\t<a id=\"preferredSourceBanner\" href=\"https:\/\/www.rtvslo.si\/sport\/citat-za-prebrat\/domen-prevc-poskrbel-da-se-je-pogacar-v-zraku-sprostil\/javascript:void(0)\" target=\"_blank\" class=\"d-none align-items-center justify-content-between rounded my-3\" style=\"padding: 10px 15px;\" rel=\"nofollow noopener\"><br \/>\n\t\t\t\t\t\t<img decoding=\"async\" src=\"https:\/\/img.rtvslo.si\/_static\/novi\/img\/ico-google.svg\" class=\"flex-shrink-0 mr-3\" aria-hidden=\"true\"\/><br \/>\n\t\t\t\t\t\tSpremljajte RTVSLO.si kot prednostni vir na Google<\/p>\n<p>\t\t\t\t\t<\/a><\/p>\n<p>Tadej je bil mogo\u010de malo nervozen, ampak smo poskrbeli, da se je sprostil. Razumljivo je, da ga je bilo malo strah, \u0161ele drugi\u010d je bil v helikopterju, peljal se je z mano, ki rad kaj u\u0161pi\u010dim. Tokrat nisem ni\u010desar, saj je bil tovor, ki se je peljal z menoj, preve\u010d dragocen.<\/p>\n<p>Oglas<\/p>\n<p>Domen Prevc je s Krvavca pripelajl Poga\u010darja nazaj v Komendo.<\/p>\n<p>\t\t\t\tPoga\u010darja v dolino odpeljal Prevc<\/p>\n<p>Oglas<\/p>\n","protected":false},"excerpt":{"rendered":"Foto: BoBo Spremljajte RTVSLO.si kot prednostni vir na Google Tadej je bil mogo\u010de malo nervozen, ampak smo poskrbeli,&hellip;\n","protected":false},"author":2,"featured_media":178378,"comment_status":"","ping_status":"","sticky":false,"template":"","format":"standard","meta":{"footnotes":"","_share_on_mastodon":"0"},"categories":[16],"tags":[535,703,62,37,58,60,38,94,93,1874],"class_list":["post-178377","post","type-post","status-publish","format-standard","has-post-thumbnail","category-sport","tag-domen-prevc","tag-helikopter","tag-si","tag-slovene","tag-slovenia","tag-slovenija","tag-slovenscina","tag-sport","tag-sports","tag-tadej-pogacar"],"share_on_mastodon":{"url":"https:\/\/pubeurope.com\/@si\/117026878145763903","error":""},"_links":{"self":[{"href":"https:\/\/www.europesays.com\/si\/wp-json\/wp\/v2\/posts\/178377","targetHints":{"allow":["GET"]}}],"collection":[{"href":"https:\/\/www.europesays.com\/si\/wp-json\/wp\/v2\/posts"}],"about":[{"href":"https:\/\/www.europesays.com\/si\/wp-json\/wp\/v2\/types\/post"}],"author":[{"embeddable":true,"href":"https:\/\/www.europesays.com\/si\/wp-json\/wp\/v2\/users\/2"}],"replies":[{"embeddable":true,"href":"https:\/\/www.europesays.com\/si\/wp-json\/wp\/v2\/comments?post=178377"}],"version-history":[{"count":0,"href":"https:\/\/www.europesays.com\/si\/wp-json\/wp\/v2\/posts\/178377\/revisions"}],"wp:featuredmedia":[{"embeddable":true,"href":"https:\/\/www.europesays.com\/si\/wp-json\/wp\/v2\/media\/178378"}],"wp:attachment":[{"href":"https:\/\/www.europesays.com\/si\/wp-json\/wp\/v2\/media?parent=178377"}],"wp:term":[{"taxonomy":"category","embeddable":true,"href":"https:\/\/www.europesays.com\/si\/wp-json\/wp\/v2\/categories?post=178377"},{"taxonomy":"post_tag","embeddable":true,"href":"https:\/\/www.europesays.com\/si\/wp-json\/wp\/v2\/tags?post=178377"}],"curies":[{"name":"wp","href":"https:\/\/api.w.org\/{rel}","templated":true}]}}