{"id":179297,"date":"2026-08-03T13:38:11","date_gmt":"2026-08-03T13:38:11","guid":{"rendered":"https:\/\/www.europesays.com\/si\/179297\/"},"modified":"2026-08-03T13:38:11","modified_gmt":"2026-08-03T13:38:11","slug":"umrl-je-milos-prosenc","status":"publish","type":"post","link":"https:\/\/www.europesays.com\/si\/179297\/","title":{"rendered":"Umrl je Milo\u0161 Prosenc"},"content":{"rendered":"<p>Umrl je Milo\u0161 Prosenc, nekdanji\u00a0revirski sekretar in sekretar centralnega komiteja Zveze komunistov Slovenije, ki je takrat veljal za desno roko Milana Ku\u010dana.\u00a0<\/p>\n<p>Leta 1938 rojeni politik je po upokojitvi \u0161e 18 let uspe\u0161no <a href=\"https:\/\/www.delo.si\/mnenja\/kolumne\/hvalnica-petokraki\" target=\"_blank\" rel=\"nofollow noopener\">vodil\u00a0Zdru\u017eenje\u00a0borcev za vrednote NOB Zagorje ob Savi<\/a>. Za predano delo mu je\u00a0Zveza borcev za vrednote NOB leta 2016 podelila nagrado za \u017eivljenjsko delo.<\/p>\n<p>V govorih na proslavah je pogosto opozarjal na delitve naroda in svaril pred razvrednotenjem partizanskega boja.\u00a0<\/p>\n<p>Prosenc je bil Kisov\u010dan, kjer je pre\u017eivel tako reko\u010d vse \u017eivljenje, na Zasavje ga je vezala dedi\u0161\u010dina knapov\u0161\u010dine, ki ji je, kot je dejal v intervjuju za lokalni portal Savus, pripisoval ve\u010djo solidarnost med ljudmi.\u00a0<\/p>\n","protected":false},"excerpt":{"rendered":"Umrl je Milo\u0161 Prosenc, nekdanji\u00a0revirski sekretar in sekretar centralnega komiteja Zveze komunistov Slovenije, ki je takrat veljal za&hellip;\n","protected":false},"author":2,"featured_media":179298,"comment_status":"","ping_status":"","sticky":false,"template":"","format":"standard","meta":{"footnotes":"","_share_on_mastodon":"0"},"categories":[16],"tags":[45630,14960,62,37,58,60,38,94,93,45631],"class_list":["post-179297","post","type-post","status-publish","format-standard","has-post-thumbnail","category-sport","tag-milos-prosenc","tag-nob","tag-si","tag-slovene","tag-slovenia","tag-slovenija","tag-slovenscina","tag-sport","tag-sports","tag-zveza-komunistov-slovenije"],"share_on_mastodon":{"url":"https:\/\/pubeurope.com\/@si\/117031855835174590","error":""},"_links":{"self":[{"href":"https:\/\/www.europesays.com\/si\/wp-json\/wp\/v2\/posts\/179297","targetHints":{"allow":["GET"]}}],"collection":[{"href":"https:\/\/www.europesays.com\/si\/wp-json\/wp\/v2\/posts"}],"about":[{"href":"https:\/\/www.europesays.com\/si\/wp-json\/wp\/v2\/types\/post"}],"author":[{"embeddable":true,"href":"https:\/\/www.europesays.com\/si\/wp-json\/wp\/v2\/users\/2"}],"replies":[{"embeddable":true,"href":"https:\/\/www.europesays.com\/si\/wp-json\/wp\/v2\/comments?post=179297"}],"version-history":[{"count":0,"href":"https:\/\/www.europesays.com\/si\/wp-json\/wp\/v2\/posts\/179297\/revisions"}],"wp:featuredmedia":[{"embeddable":true,"href":"https:\/\/www.europesays.com\/si\/wp-json\/wp\/v2\/media\/179298"}],"wp:attachment":[{"href":"https:\/\/www.europesays.com\/si\/wp-json\/wp\/v2\/media?parent=179297"}],"wp:term":[{"taxonomy":"category","embeddable":true,"href":"https:\/\/www.europesays.com\/si\/wp-json\/wp\/v2\/categories?post=179297"},{"taxonomy":"post_tag","embeddable":true,"href":"https:\/\/www.europesays.com\/si\/wp-json\/wp\/v2\/tags?post=179297"}],"curies":[{"name":"wp","href":"https:\/\/api.w.org\/{rel}","templated":true}]}}