{"id":179383,"date":"2026-08-03T15:12:10","date_gmt":"2026-08-03T15:12:10","guid":{"rendered":"https:\/\/www.europesays.com\/si\/179383\/"},"modified":"2026-08-03T15:12:10","modified_gmt":"2026-08-03T15:12:10","slug":"carmen-osovnikar-prejema-tudi-taksna-sporocila-to-sporocilo-me-je-zadelo","status":"publish","type":"post","link":"https:\/\/www.europesays.com\/si\/179383\/","title":{"rendered":"Carmen Osovnikar prejema tudi tak\u0161na sporo\u010dila. \u00bbTo sporo\u010dilo me je &#8216;zadelo&#8217;\u00ab"},"content":{"rendered":"<p>ZAUPANJA VREDEN VIR<\/p>\n<p class=\"tdm-descr td-fix-index\">Smo se izkazali kot zaupanja vreden vir informacij? Dodajte nas na googlu<\/p>\n<p>Carmen Osovnikar je razkrila, kaj vse dobi preko zasebnih sporo\u010dil. Med mnogimi tudi tak\u0161na, mimo katerih enostavno ne more.<\/p>\n<p>Priljubljena spletna vplivnica in <a href=\"https:\/\/top24novice.si\/?s=carmen+osovnikar\" target=\"_blank\" rel=\"noopener nofollow\">resni\u010dnostna zvezdnica<\/a> Carmen Osovnikar je zelo priljubljena. Njeni \u0161tevilni spletni sledilci jo radi spremljajo in kukajo v del\u010dke njenega zasebnega \u017eivljenja.<\/p>\n<p><img fetchpriority=\"high\" decoding=\"async\" class=\"wp-image-28596 size-full\" src=\"https:\/\/www.europesays.com\/si\/wp-content\/uploads\/2026\/08\/carmen.jpg\" alt=\"Carmen, Kmetija,\" width=\"2088\" height=\"1200\"  \/>Carmen v Kmetijo vstopa kot prva gostja. (Foto: Voyo\/posnetek zaslona)<\/p>\n<p>Carmen se pogosto oglasi na dru\u017ebenih omre\u017ejih in deli raznorazne stvari iz svojega vsakdana.<\/p>\n<p><a href=\"https:\/\/top24novice.si\/estrada\/kaj-je-carmen-osovnikar-pop-tv-res-kupil-tak-sanjski-avto\/\" rel=\"nofollow noopener\" target=\"_blank\">Kaj?! Je Carmen Osovnikar POP TV res kupil tak sanjski avto?<\/a><\/p>\n<p>Pred kratkim je delila tudi sporo\u010dilo, v katerem jo je nekdo obto\u017eil, da si je podalj\u0161ala noge. Kot je povedala Carmen, se ji zdijo tak\u0161na sporo\u010dila prav zabavna.<\/p>\n<p>Med sporo\u010dili pa tudi tak\u0161na, ki ganejo<\/p>\n<p>Pred kratkim pa je dobila sporo\u010dilo, za katerega je zapisala, da jo je \u2018zadelo\u2019. \u00bbVe\u0161, kje bi me \u017eenske bile, \u010de bi druga drugo podpirale?\u00ab se je glasil za\u010detek sporo\u010dila. Njena sledilka je nadaljevala: \u00bbZamisli si, koliko direktoric, zadovoljnih sodelavk \u2026? Tako pa \u0161e na wc ne sme\u0161, pa te \u017ee oklevetajo do nezavesti \u2026 Ni \u010dudno, da je 90% \u0161efov mo\u0161kih. Povejo si v faco in pi\u010di dalje Mi\u0161ko. \u017denska je pa sre\u010dna edino, ko te za**be, prizadene, prevzame tipa \u2026 \u017dalostno!\u00ab<\/p>\n<p>Med drugim ji je sledilka dala \u0161e nasvet, naj spodbuja podporo med \u017eenskami, saj ima to mo\u010d.<\/p>\n<p><a href=\"https:\/\/top24novice.si\/estrada\/ko-je-carmen-osovnikar-razkrila-koliko-je-v-resnici-stara-ta-znani-slovenec-ni-mogel-verjeti\/\" rel=\"nofollow noopener\" target=\"_blank\">Ko je Carmen Osovnikar razkrila, koliko je v resnici stara, ta znani Slovenec ni mogel verjeti<\/a><\/p>\n<p>Carmen se je odzvala<\/p>\n<p>Carmen je zapisala, da jo je sporo\u010dilo zares \u2018zadelo\u2019. Dodala je, da bi bil svet veliko lep\u0161i, \u010de bi si \u017eenske stale ob strani. In da je potrebno za\u010deti pri sebi.<\/p>\n<p><img loading=\"lazy\" decoding=\"async\" class=\"wp-image-39929 size-full\" src=\"https:\/\/www.europesays.com\/si\/wp-content\/uploads\/2026\/08\/carmen-ig.jpg\" alt=\"Carmen, sporo\u010dilo, \" width=\"1200\" height=\"1833\"  \/>Instagram zgodba Carmen Osovnikar<\/p>\n","protected":false},"excerpt":{"rendered":"ZAUPANJA VREDEN VIR Smo se izkazali kot zaupanja vreden vir informacij? Dodajte nas na googlu Carmen Osovnikar je&hellip;\n","protected":false},"author":2,"featured_media":179384,"comment_status":"","ping_status":"","sticky":false,"template":"","format":"standard","meta":{"footnotes":"","_share_on_mastodon":"0"},"categories":[18],"tags":[1704,45646,114,399,62,37,58,60,38,115],"class_list":["post-179383","post","type-post","status-publish","format-standard","has-post-thumbnail","category-zabava","tag-carmen-osovnikar","tag-carmen-osovnikar-starost","tag-entertainment","tag-kmetija","tag-si","tag-slovene","tag-slovenia","tag-slovenija","tag-slovenscina","tag-zabava"],"share_on_mastodon":{"url":"https:\/\/pubeurope.com\/@si\/117032225875387120","error":""},"_links":{"self":[{"href":"https:\/\/www.europesays.com\/si\/wp-json\/wp\/v2\/posts\/179383","targetHints":{"allow":["GET"]}}],"collection":[{"href":"https:\/\/www.europesays.com\/si\/wp-json\/wp\/v2\/posts"}],"about":[{"href":"https:\/\/www.europesays.com\/si\/wp-json\/wp\/v2\/types\/post"}],"author":[{"embeddable":true,"href":"https:\/\/www.europesays.com\/si\/wp-json\/wp\/v2\/users\/2"}],"replies":[{"embeddable":true,"href":"https:\/\/www.europesays.com\/si\/wp-json\/wp\/v2\/comments?post=179383"}],"version-history":[{"count":0,"href":"https:\/\/www.europesays.com\/si\/wp-json\/wp\/v2\/posts\/179383\/revisions"}],"wp:featuredmedia":[{"embeddable":true,"href":"https:\/\/www.europesays.com\/si\/wp-json\/wp\/v2\/media\/179384"}],"wp:attachment":[{"href":"https:\/\/www.europesays.com\/si\/wp-json\/wp\/v2\/media?parent=179383"}],"wp:term":[{"taxonomy":"category","embeddable":true,"href":"https:\/\/www.europesays.com\/si\/wp-json\/wp\/v2\/categories?post=179383"},{"taxonomy":"post_tag","embeddable":true,"href":"https:\/\/www.europesays.com\/si\/wp-json\/wp\/v2\/tags?post=179383"}],"curies":[{"name":"wp","href":"https:\/\/api.w.org\/{rel}","templated":true}]}}