{"id":179519,"date":"2026-08-03T17:25:11","date_gmt":"2026-08-03T17:25:11","guid":{"rendered":"https:\/\/www.europesays.com\/si\/179519\/"},"modified":"2026-08-03T17:25:11","modified_gmt":"2026-08-03T17:25:11","slug":"iz-koalicije-prvi-kriticni-odzivi-na-odlocitev-ustavnih-sodnikov","status":"publish","type":"post","link":"https:\/\/www.europesays.com\/si\/179519\/","title":{"rendered":"Iz koalicije prvi kriti\u010dni odzivi na odlo\u010ditev ustavnih sodnikov"},"content":{"rendered":"<p>Iz vrst koalicije prihajajo prvi kriti\u010dni odzivi na odlo\u010ditev ustavnega sodi\u0161\u010da, da dovoli razpis referenduma o zakonu o interventnih ukrepih za razvoj Slovenije. Poslanca NSi in SDS Aleksander Reber\u0161ek in Andrej Poglajen sta izpostavila po njunem mnenju levo ideolo\u0161ko usmerjenost sodi\u0161\u010da, podobno je nakazala tudi vodja poslancev SDS Jelka Godec. Premier Janez Jan\u0161a pa meni, da ustavni sodniki branijo od levi\u010darske politike povzro\u010deno \u0161kodljivo stanje.<\/p>\n<p>&#8220;Prero\u0161ke besede nekdanje poslanke J. Murgel (nekdanje poslanke SMC Jasne Murgel, op. STA) &#8216;&#8230; leto hitro mine, vmes menjamo ustavne sodnike&#8217; so meso postale,&#8221; je na omre\u017eju X zapisala Jelka Godec.<\/p>\n<p dir=\"ltr\" lang=\"sl\">Preo\u0161ke besede nekdanje poslanke J. Murgel \u201c\u2026leto hitro mine, vmes menjamo ustavne sodnike\u201d so meso postale.<br \/>Dovolili so referendum na zakon, ki vsebuje \u010dlene glede dav\u010dnih razbremenitev.<br \/>Pa da vidimo koliko dr\u017eavljanov je proti ni\u017ejim davkom na osnovna \u017eivila in ukinitvi\u2026<\/p>\n<p>\u2014 Jelka Godec (@jelka_godec) <a href=\"https:\/\/x.com\/jelka_godec\/status\/2084280004670624220?ref_src=twsrc%5Etfw\" rel=\"nofollow\">August 3, 2026<\/a><\/p>\n<p>Ustavni sodniki so dovolili referendum o zakonu, ki vsebuje \u010dlene glede dav\u010dnih razbremenitev, je poudarila. &#8220;Pa da vidimo, koliko dr\u017eavljanov je proti ni\u017ejim davkom na osnovna \u017eivila in ukinitvi prispevka za upokojence za dolgotrajno oskrbo itd.,&#8221; se je vpra\u0161ala prva med poslanci najve\u010dje koalicijske stranke.<\/p>\n<p>Jan\u0161a:\u00a0Ljudstvo bo odlo\u010dilo, ali \u017eeli ni\u017eje davke, cenej\u0161o hrano, vi\u0161je pla\u010de in pokojnine<\/p>\n<p>Predsednik vlade in prvak SDS Janez Jan\u0161a je na omre\u017eju ocenil, da gre za pri\u010dakovano odlo\u010ditev ustavnega sodi\u0161\u010da. &#8220;Branijo od levi\u010darske politike povzro\u010deno \u0161kodljivo stanje, zaradi katerega nas je Hrva\u0161ka prehitela po neto pla\u010dah. Kje je modrost ustavnih sodnikov\u00a0iz decembra 2012? Ljudstvo bo sedaj odlo\u010dilo, ali \u017eeli ni\u017eje davke, cenej\u0161o hrano, vi\u0161je pla\u010de in pokojnine,&#8221; je zapisal Jan\u0161a.<\/p>\n<p>Da bo dana\u0161nji dan \u0161el v slovensko zgodovino kot &#8220;dan, ko se je ideolo\u0161ko kontaminirano ustavno sodi\u0161\u010de postavilo nad ustavo,&#8221; je medtem na omre\u017eju X zapisal poslanec SDS Andrej Poglajen. &#8220;Tisti, ki bi morali varovati ustavni red, ga po novem pomagajo ru\u0161iti. Pravna dr\u017eava, po\u010divaj v miru,&#8221; je bil kriti\u010den.<\/p>\n<p dir=\"ltr\" lang=\"sl\">Dana\u0161nji dan bo \u0161el v slovensko zgodovino kot dan, ko se je ideolo\u0161ko kontaminirano <a href=\"https:\/\/x.com\/UstavnoSodisce?ref_src=twsrc%5Etfw\" rel=\"nofollow\">@UstavnoSodisce<\/a> postavilo nad Ustavo.<\/p>\n<p>Tisti, ki bi morali varovati ustavni red ga po novem pomagajo ru\u0161iti.<\/p>\n<p>Pravna dr\u017eava, po\u010divaj v miru. <a href=\"https:\/\/t.co\/yrBoqgnE8O\" rel=\"nofollow\">https:\/\/t.co\/yrBoqgnE8O<\/a> <a href=\"https:\/\/t.co\/7mBlt57Z6H\" rel=\"nofollow\">pic.twitter.com\/7mBlt57Z6H<\/a><\/p>\n<p>\u2014 Andrej Poglajen (@poglajen) <a href=\"https:\/\/x.com\/poglajen\/status\/2084280995054784742?ref_src=twsrc%5Etfw\" rel=\"nofollow\">August 3, 2026<\/a><\/p>\n<p>Poslanec NSi Aleksander Reber\u0161ek je medtem mnenja, da je tak razvoj dogodkov mogo\u010d le v Sloveniji. &#8220;Zakon, ki nikomur ni\u010d ne jemlje &#8230; ampak res nikomur. Potem pa ve\u010dinoma levo ustavno sodi\u0161\u010de dopusti referendum, ki po ustavi ni mogo\u010d,&#8221; se glasi njegov zapis na X.<\/p>\n<p dir=\"ltr\" lang=\"sl\">Zakon, ki nikomur ni\u010d ne jemlje\u2026 ampak res nikomur.<br \/>Potem pa ve\u010dinoma levo Ustavno sodi\u0161\u010de dopusti referendum, ki po ustavi ni mogo\u010d. \ud83e\udd2a\ud83e\udd37\u200d\u2642\ufe0f\ud83e\udd26\u200d\u2642\ufe0f<br \/>Mo\u017eno samo v Sloveniji. <a href=\"https:\/\/t.co\/4s9zhUa8Mu\" rel=\"nofollow\">https:\/\/t.co\/4s9zhUa8Mu<\/a><\/p>\n<p>\u2014 Aleksander Rebersek (@AlexRebersek) <a href=\"https:\/\/x.com\/AlexRebersek\/status\/2084271442368077849?ref_src=twsrc%5Etfw\" rel=\"nofollow\">August 3, 2026<\/a><\/p>\n<p>Nekoliko druga\u010den pogled je medtem na isti platformi podal politolog Miro Ha\u010dek. &#8220;Ustavno sodi\u0161\u010de prijazno pomaga vladi: \u010de zakon na referendumu pade, bo vlada prihranila skoraj milijardo prora\u010dunskega denarja, \u010de zakon ne pade, pa vlada razglasi (politi\u010dno) zmago. Win-win,&#8221; je navedel.<\/p>\n<p dir=\"ltr\" lang=\"sl\">Ustavno sodi\u0161\u010de prijazno pomaga vladi: \u010de zakon na referendum pade, bo vlada prihranila skoraj milijardo prora\u010dunskega denarja, \u010de zakon ne pade, pa vlada razglasi (politi\u010dno) zmago. Win-win. <a href=\"https:\/\/t.co\/pK7RB6JCzs\" rel=\"nofollow\">https:\/\/t.co\/pK7RB6JCzs<\/a><\/p>\n<p>\u2014 Miro Ha\u010dek (@MHacek) <a href=\"https:\/\/x.com\/MHacek\/status\/2084281546924564651?ref_src=twsrc%5Etfw\" rel=\"nofollow\">August 3, 2026<\/a><\/p>\n<p>NSi: Na referendumu odlo\u010danje o razvoju Slovenije<\/p>\n<p>Odlo\u010ditev ustavnega sodi\u0161\u010da, da dovoli referendum, odpira pot tistim, ki Sloveniji ne privo\u0161\u010dijo napredka in rasti blaginje, ampak dr\u017eavo razumejo kot vzvod za ohranitev svojih polo\u017eajev in privilegijev, so za STA v odzivu zapisali v NSi. Referendum vidijo kot odlo\u010danje za razvoj Slovenije ali proti njemu.<\/p>\n<p>Na\u00a0omre\u017eju X se je oglasil tudi prvak stranke in infrastrukturni minister Jernej Vrtovec. &#8220;Najprej so stra\u0161ili, da razvojni zakon povzro\u010da eno milijardo dav\u010dnega izpada. Danes pa je ustavno sodi\u0161\u010de &#8216;ugotovilo&#8217;, da o\u010ditno sploh ne gre za zakon o davkih,&#8221; se je obregnil ob odlo\u010ditev.<\/p>\n<p dir=\"ltr\" lang=\"sl\">Najprej so stra\u0161ili, da razvojni zakon povzro\u010da 1 milijardo dav\u010dnega izpada. Danes pa je US &#8220;ugotovilo&#8221;, da o\u010ditno sploh ne gre za zakon o davkih. \ud83e\udd2d Pod prej\u0161njo vlado je US redno prepovedovalo referendume. Pod novo vlado bo o\u010ditno druga\u010de. Pri\u010dakovano. Kakorkoli, gremo na\u2026 <a href=\"https:\/\/t.co\/regFwu0iVm\" rel=\"nofollow\">pic.twitter.com\/regFwu0iVm<\/a><\/p>\n<p>\u2014 Jernej Vrtovec (@JernejVrtovec) <a href=\"https:\/\/x.com\/JernejVrtovec\/status\/2084318238867923011?ref_src=twsrc%5Etfw\" rel=\"nofollow\">August 3, 2026<\/a><\/p>\n<p>Pod prej\u0161njo vlado je sodi\u0161\u010de po njegovih besedah redno prepovedovalo referendume. &#8220;Pod novo vlado bo o\u010ditno druga\u010de. Pri\u010dakovano. Kakorkoli, gremo na referendum zato, da zmaga razvojna Slovenija,&#8221; je sklenil.<\/p>\n<p>Logar: Ni\u010d, treba bo zmagati na referendumu<\/p>\n<p>Predsednik koalicijskih Demokratov An\u017ee Logar je odlo\u010ditev ustavnega sodi\u0161\u010da, da dovoli referendum, postavil v kontekst prizadevanj delov dru\u017ebe, da se v dr\u017eavi ohrani status quo. To za Demokrate po njegovih besedah ne pride v po\u0161tev. &#8220;Ni\u010d, treba bo zmagati referendum,&#8221; je zapisal.<\/p>\n<p>Ustavno sodi\u0161\u010de je \u0161lo z danes objavljeno odlo\u010ditvijo po Logarjevih navedbah mo\u010dno naproti opoziciji in sindikatom. Temeljno ustavno vpra\u0161anje pa so ustavni sodniki po njegovem mnenju pustili neodgovorjeno.<\/p>\n<p dir=\"ltr\" lang=\"sl\">\u27a1\ufe0f\u27a1\ufe0f\u27a1\ufe0f Za Demokrate \u2018status quo Slovenija\u2019 ni opcija!<a href=\"https:\/\/x.com\/DemokratiSLO?ref_src=twsrc%5Etfw\" rel=\"nofollow\">@DemokratiSLO<\/a> smo \u0161li v vlado, da naredimo konkretne spremembe na podro\u010dju boja zoper korupcijo, oblikovanja ugodnej\u0161ega gospodarskega okolja in delujo\u010dega javnega zdravstva.<\/p>\n<p>Tisti, ki prisegajo na \u2018status quo\u2019, so preko\u2026 <a href=\"https:\/\/t.co\/JnxSiYpZl1\" rel=\"nofollow\">pic.twitter.com\/JnxSiYpZl1<\/a><\/p>\n<p>\u2014 An\u017ee Logar (@AnzeLog) <a href=\"https:\/\/x.com\/AnzeLog\/status\/2084300540314312886?ref_src=twsrc%5Etfw\" rel=\"nofollow\">August 3, 2026<\/a><\/p>\n<p>V opoziciji zadovoljni<\/p>\n<p>V opoziciji so zadovoljni ob odlo\u010ditvi ustavnega sodi\u0161\u010da. V Svobodi v odlo\u010ditvi vidijo velik ne koaliciji in stranki Resni.ca, v Levici pravijo, da je bila prepoved referenduma nedemokrati\u010dna, v SD pa pri\u010dakujejo tudi prevzem politi\u010dne odgovornosti.<\/p>\n<p>                <script async src=\"https:\/\/platform.twitter.com\/widgets.js\" charset=\"utf-8\"><\/script><\/p>\n","protected":false},"excerpt":{"rendered":"Iz vrst koalicije prihajajo prvi kriti\u010dni odzivi na odlo\u010ditev ustavnega sodi\u0161\u010da, da dovoli razpis referenduma o zakonu o&hellip;\n","protected":false},"author":2,"featured_media":179520,"comment_status":"","ping_status":"","sticky":false,"template":"","format":"standard","meta":{"footnotes":"","_share_on_mastodon":"0"},"categories":[6],"tags":[16625,19119,10431,59,61,54,62,37,58,60,38,1930],"class_list":["post-179519","post","type-post","status-publish","format-standard","has-post-thumbnail","category-slovenija","tag-interventni-zakon","tag-jelka-godec","tag-koalicija","tag-republic-of-slovenia","tag-republika-slovenija","tag-sds","tag-si","tag-slovene","tag-slovenia","tag-slovenija","tag-slovenscina","tag-ustavno-sodisce"],"share_on_mastodon":{"url":"https:\/\/pubeurope.com\/@si\/117032748471529212","error":""},"_links":{"self":[{"href":"https:\/\/www.europesays.com\/si\/wp-json\/wp\/v2\/posts\/179519","targetHints":{"allow":["GET"]}}],"collection":[{"href":"https:\/\/www.europesays.com\/si\/wp-json\/wp\/v2\/posts"}],"about":[{"href":"https:\/\/www.europesays.com\/si\/wp-json\/wp\/v2\/types\/post"}],"author":[{"embeddable":true,"href":"https:\/\/www.europesays.com\/si\/wp-json\/wp\/v2\/users\/2"}],"replies":[{"embeddable":true,"href":"https:\/\/www.europesays.com\/si\/wp-json\/wp\/v2\/comments?post=179519"}],"version-history":[{"count":0,"href":"https:\/\/www.europesays.com\/si\/wp-json\/wp\/v2\/posts\/179519\/revisions"}],"wp:featuredmedia":[{"embeddable":true,"href":"https:\/\/www.europesays.com\/si\/wp-json\/wp\/v2\/media\/179520"}],"wp:attachment":[{"href":"https:\/\/www.europesays.com\/si\/wp-json\/wp\/v2\/media?parent=179519"}],"wp:term":[{"taxonomy":"category","embeddable":true,"href":"https:\/\/www.europesays.com\/si\/wp-json\/wp\/v2\/categories?post=179519"},{"taxonomy":"post_tag","embeddable":true,"href":"https:\/\/www.europesays.com\/si\/wp-json\/wp\/v2\/tags?post=179519"}],"curies":[{"name":"wp","href":"https:\/\/api.w.org\/{rel}","templated":true}]}}