{"id":180288,"date":"2026-08-04T11:27:12","date_gmt":"2026-08-04T11:27:12","guid":{"rendered":"https:\/\/www.europesays.com\/si\/180288\/"},"modified":"2026-08-04T11:27:12","modified_gmt":"2026-08-04T11:27:12","slug":"25-zveznih-ameriskih-drzav-vlozilo-tozbo-proti-vladi-zaradi-novih-carin","status":"publish","type":"post","link":"https:\/\/www.europesays.com\/si\/180288\/","title":{"rendered":"25 zveznih ameri\u0161kih dr\u017eav vlo\u017eilo to\u017ebo proti vladi zaradi novih carin"},"content":{"rendered":"<p>\t\t\t\t\t\t\t\t<a href=\"https:\/\/www.europesays.com\/si\/wp-content\/uploads\/2026\/08\/67065630.jpg\" itemprop=\"contentUrl\" data-size=\"1200x800\" data-large=\"https:\/\/www.europesays.com\/si\/wp-content\/uploads\/2026\/08\/67065630.jpg\"><br \/>\n\t\t\t\t\t\t\t\t\t<img decoding=\"async\" src=\"https:\/\/www.europesays.com\/si\/wp-content\/uploads\/2026\/08\/67065630.jpg\" title=\"Foto: Reuters\" alt=\"Foto: Reuters\"\/><br \/>\n\t\t\t\t\t\t\t\t<\/a><\/p>\n<p>\t\t\t\t\t\t\t\t\tFoto: Reuters<\/p>\n<p>\t\t\t\t\t\t\t<a id=\"preferredSourceBanner\" href=\"https:\/\/www.rtvslo.si\/svet\/s-in-j-amerika\/25-zveznih-ameriskih-drzav-vlozilo-tozbo-proti-vladi-zaradi-novih-carin\/javascript:void(0)\" target=\"_blank\" class=\"d-none align-items-center justify-content-between rounded my-3\" style=\"padding: 10px 15px;\" rel=\"nofollow noopener\"><br \/>\n\t\t\t\t\t\t<img decoding=\"async\" src=\"https:\/\/img.rtvslo.si\/_static\/novi\/img\/ico-google.svg\" class=\"flex-shrink-0 mr-3\" aria-hidden=\"true\"\/><br \/>\n\t\t\t\t\t\tSpremljajte RTVSLO.si kot prednostni vir na Google<\/p>\n<p>\t\t\t\t\t<\/a><\/p>\n<p>Zvezne dr\u017eave v to\u017ebi trdijo, da gre za poskus nadomestitve carin, ki jih je vrhovno sodi\u0161\u010de ZDA februarja razveljavilo, poro\u010da ameri\u0161ka televizija ABC.<\/p>\n<p>Oglas<\/p>\n<p>Trump je prej\u0161nji mesec uvedel nove carine za okrog 60 dr\u017eav z obrazlo\u017eitvijo, da te niso storile dovolj za prepre\u010devanje uvoza izdelkov, proizvedenih s prisilnim delom. Veljati so za\u010dele po izteku za\u010dasnih carin, ki jih je uvedel, potem ko mu je vrhovno sodi\u0161\u010de ZDA razveljavilo t. i. vzajemne carine oziroma jih razglasilo za nezakonite.<\/p>\n<p>&#8220;Po porazu na vrhovnem sodi\u0161\u010du sku\u0161a vlada znova nezakonito zvi\u0161ati dav\u010dno breme za dru\u017eine in podjetja z novim krogom carin,&#8221; je dejala pravosodna ministrica zvezne dr\u017eave New York Letitia James.<\/p>\n<p>To\u017ebi so se poleg New Yorka pridru\u017eile zvezne dr\u017eave Arizona, Kalifornija, Kolorado, Connecticut, Delaware, Havaji, Illinois, Kentucky, Massachusetts, Maryland, Maine, Michigan, Minnesota, Nevada, New Jersey, Nova Mehika, Severna Karolina, Oregon, Pensilvanija, Rhode Island, Virginija, Vermont, Washington in Wisconsin.<\/p>\n<p>Carine pla\u010dujejo ameri\u0161ki potro\u0161niki, ne tuje dr\u017eave<\/p>\n<p>Trump trdi, da bodo visoke carine spodbudile ponovno rast ameri\u0161ke predelovalne industrije in da jih pla\u010dujejo tuje dr\u017eave, medtem ko jih dejansko pla\u010dujejo ameri\u0161ki potro\u0161niki z vi\u0161jimi cenami.<\/p>\n<p>Najnovej\u0161e carine je ameri\u0161ki predsednik uvedel s sklicevanjem na 301. \u010dlen trgovinskega zakona iz leta 1974, ki predsedniku omogo\u010da uvedbo carin in drugih trgovinskih ukrepov proti dr\u017eavam, za katere ugotovi, da uporabljajo nepo\u0161tene trgovinske prakse.<\/p>\n<p>Trump je ta \u010dlen uporabil \u017ee v svojem prvem mandatu in z njim uvedel visoke carine na uvoz iz Kitajske. Najnovej\u0161e carine zna\u0161ajo od deset do 12,5 odstotka in zajemajo dr\u017eave, iz katerih prihaja 99 odstotkov ameri\u0161kega uvoza, na \u010delu s \u010dlanicami EU-ja.<\/p>\n<p>To\u017eba zveznih dr\u017eav sledi dvema to\u017ebama, ki so ju julija na ameri\u0161kem sodi\u0161\u010du za mednarodno trgovino vlo\u017eila mala podjetja. Tudi ti izpodbijata zakonitost carin po 301. \u010dlenu.<\/p>\n<p>To\u017eniki med drugim trdijo, da vlada ni ustrezno utemeljila o\u010ditkov proti posameznim dr\u017eavam niti ni pojasnila, kako naj bi carine odpravile domnevne nepo\u0161tene trgovinske prakse.<\/p>\n<p>Oglas<\/p>\n","protected":false},"excerpt":{"rendered":"Foto: Reuters Spremljajte RTVSLO.si kot prednostni vir na Google Zvezne dr\u017eave v to\u017ebi trdijo, da gre za poskus&hellip;\n","protected":false},"author":2,"featured_media":180289,"comment_status":"","ping_status":"","sticky":false,"template":"","format":"standard","meta":{"footnotes":"","_share_on_mastodon":"0"},"categories":[20],"tags":[1323,32,35,31,34,36,37,38,33,2269,404,45815],"class_list":["post-180288","post","type-post","status-publish","format-standard","has-post-thumbnail","category-novice","tag-carine","tag-headlines","tag-najpomembnejse-novice","tag-news","tag-novice","tag-osrednje-novice","tag-slovene","tag-slovenscina","tag-top-stories","tag-tozba","tag-zda","tag-zvezne-drzave"],"share_on_mastodon":{"url":"https:\/\/pubeurope.com\/@si\/117037003632147645","error":""},"_links":{"self":[{"href":"https:\/\/www.europesays.com\/si\/wp-json\/wp\/v2\/posts\/180288","targetHints":{"allow":["GET"]}}],"collection":[{"href":"https:\/\/www.europesays.com\/si\/wp-json\/wp\/v2\/posts"}],"about":[{"href":"https:\/\/www.europesays.com\/si\/wp-json\/wp\/v2\/types\/post"}],"author":[{"embeddable":true,"href":"https:\/\/www.europesays.com\/si\/wp-json\/wp\/v2\/users\/2"}],"replies":[{"embeddable":true,"href":"https:\/\/www.europesays.com\/si\/wp-json\/wp\/v2\/comments?post=180288"}],"version-history":[{"count":0,"href":"https:\/\/www.europesays.com\/si\/wp-json\/wp\/v2\/posts\/180288\/revisions"}],"wp:featuredmedia":[{"embeddable":true,"href":"https:\/\/www.europesays.com\/si\/wp-json\/wp\/v2\/media\/180289"}],"wp:attachment":[{"href":"https:\/\/www.europesays.com\/si\/wp-json\/wp\/v2\/media?parent=180288"}],"wp:term":[{"taxonomy":"category","embeddable":true,"href":"https:\/\/www.europesays.com\/si\/wp-json\/wp\/v2\/categories?post=180288"},{"taxonomy":"post_tag","embeddable":true,"href":"https:\/\/www.europesays.com\/si\/wp-json\/wp\/v2\/tags?post=180288"}],"curies":[{"name":"wp","href":"https:\/\/api.w.org\/{rel}","templated":true}]}}