{"id":181064,"date":"2026-08-05T02:44:09","date_gmt":"2026-08-05T02:44:09","guid":{"rendered":"https:\/\/www.europesays.com\/si\/181064\/"},"modified":"2026-08-05T02:44:09","modified_gmt":"2026-08-05T02:44:09","slug":"pirc-musarjeva-priznala-nisem-bila-pripeta","status":"publish","type":"post","link":"https:\/\/www.europesays.com\/si\/181064\/","title":{"rendered":"Pirc Musarjeva priznala: Nisem bila pripeta"},"content":{"rendered":"<p>Predsednica republike Nata\u0161a Pirc Musar je v pogovoru za TVS in 24ur pojasnila ozadje petkove prometne nesre\u010de v predoru Kastelec, v kateri si je zlomila klju\u010dnico. Priznala je, da v avtomobilu ni bila pripeta z varnostnim pasom. &#8220;To je moja najve\u010dja napaka, ki jo iskreno ob\u017ealujem,&#8221; je dejala in dodala, da sprejema vso odgovornost.<\/p>\n<p>Napako je po njenih besedah pla\u010dala z zlomljeno klju\u010dnico. &#8220;Ne vem sicer, kak\u0161ne bi bile po\u0161kodbe, \u010de bi bila pripeta, zagotovo tudi kak\u0161ne, ampak ne bom ugibala,&#8221; je dejala. Po zakonu morajo biti pripeti tudi potniki\u00a0na zadnjih sede\u017eih, je dodala v pogovoru za Televizijo Slovenija (TVS). Ob tem je pozvala k uporabi varnostnega pasu, tudi na zadnjih sede\u017eih avtomobila.<\/p>\n<p>Po\u010duti se dobro, operacija pa ni bila potrebna. Rehabilitacija imobilizirane klju\u010dnice pa bo trajala od \u0161tiri do \u0161est tednov, je dejala. Trenutno koristi letni dopust. &#8220;Najmanj 14 dni bom morala \u0161e po\u010divati, potem pa bom verjetno \u017ee polno operativna,&#8221; je dejala.<\/p>\n<p>&#8220;Necelovitih informacij zaradi funkcije, ki jo zasedam, ne bi bilo pametno dajati v javnost,&#8221; je odgovorila na o\u010ditke\u00a0glede obve\u0161\u010danja javnosti o nesre\u010di.<\/p>\n<p>&#8220;Upam, da mi javnost tega ne zameri&#8221;<\/p>\n<p>Nesre\u010da se je zgodila ob 16.30, verodostojnih informacij pa zaradi bolni\u0161ni\u010dne obravnave ni mogla podati prej kot naslednje jutro, po viziti. Tedaj je o nesre\u010di obvestila tudi svoje star\u0161e. &#8220;Upam, da mi javnost tega ne zameri,&#8221; je dejala. Zdelo se ji je prav, da najprej sama dobi celovito informacijo, da bodo lahko javnost korektno obvestili. Do 23. ure zve\u010der o tem ni obvestila ne mo\u017ea\u00a0ne sodelavcev, saj tudi sama ni imela informacij o svojem zdravstvenem stanju, je pojasnila.<\/p>\n<p>Tudi zaradi interesov preiskave, ki poteka, so morali najprej vse pogovore opraviti s pristojnimi organi. S policijo so sodelovali ves \u010das postopka, v nadaljnjih postopkih pa bodo sodelovali \u0161e naprej. Pristojni organi pa bodo svoje delo opravili korektno, je prepri\u010dana.<\/p>\n<p>Pojasnila je, da so pred potjo \u010dasovnico preverili na Googlu in na navigaciji, ki upo\u0161teva vse prometne zastoje. K temu so dodali \u0161e dodatnih 20 minut. Glede varnostne razdalje ni \u017eelela ugibati. &#8220;V predoru sama nisem videla vsega, sedela sem namre\u010d v drugi vrsti. Najprej se je zgodil trk\u00a0v eno vozilo in potem nas je odbilo v zid predora. Takrat so se verjetno zgodile tudi vse\u00a0te\u00a0po\u0161kodbe,&#8221; je dejala.<\/p>\n<p>&#8220;Sem varovana oseba 24 ur na dan, moje zasebnosti je seveda malo, ampak tisto nekaj, kar je imam, pa upam, da lahko sprejmete, da kdaj z mano tudi kdo gre na kak\u0161en koncert, v kak\u0161en kino, na kak\u0161en sladoled ali tortico,&#8221; pa je odgovorila na kritike, da sta bili v avtomobilu tudi njeni prijateljici.<\/p>\n<p>&#8220;Pravila so taka, da sama ne smem sesti v drug avtomobil, da lahko sedem samo v avtomobil urada ali policijsko vozilo,&#8221; je dejala. Pravila tudi dopu\u0161\u010dajo, da se po posvetu z varnostno slu\u017ebo lahko odlo\u010dijo, da z njo potuje tudi kdo drug, ki ni varovana oseba. &#8220;Varovani osebi nista niti moj mo\u017e niti moj sin, niti moja vodja kabineta in drugi svetovalci ter seveda niti moje prijateljice in prijatelji,&#8221; je dejala. Tudi v tem primeru je ravnala v skladu s predpisi.<\/p>\n<p>Prisotnost prijateljic v njenem vozilu se ji ne zdi sporna<\/p>\n<p>Prisotnost prijateljic v njenem vozilu se ji ne zdi sporna. Da z njo potuje kateri od njenih prijateljev, pa se po njenih besedah &#8220;ne zgodi ravno pogosto&#8221;, je zatrdila za TVS. Za 24ur pa je razkrila, da je bila z varnostnim pasom pripeta le ena od njenih prijateljic. Ena od prijateljic v nesre\u010di ni bila po\u0161kodovana, druga se je huje po\u0161kodovala.<\/p>\n<p>Za 24ur je izpostavila \u0161e, da vo\u017enja vozil v spremstvu ni povsem primerljiva z obi\u010dajno vo\u017enjo v prometni koloni. &#8220;\u010ce se bo izkazalo, da se je zgodila napaka, bomo odgovornost tudi prevzeli,&#8221; je dejala.<\/p>\n<p>Zavrnila je tudi o\u010ditke, da varnostniki niso bili spo\u010diti in da je te\u017eava v tem, da je njeno varovanje organizacijsko lo\u010deno od policijskega. Kot je pojasnila, ima vse od nastopa funkcije enako \u0161tevilo varnostnikov in delajo skladno s predpisi. &#8220;Varnostniki so bili spo\u010diti, imeli so turnuse, kot veleva zakonodaja, in zagotavljam vam, da ni nobene razlike, ali so v uradu za varovanje in za\u0161\u010dito\u00a0ali pri nas na uradu, pravila so popolnoma enaka,&#8221; je dejala za TVS.<\/p>\n<p>Zaradi nesre\u010de se ni udele\u017eila Pogi Challengea, kamor je bila namenjena. Odpovedati je morala tudi obisk Sinjske alke, kamor jo je povabil hrva\u0161ki predsednik Zoran Milanovi\u0107, je \u0161e dejala za TVS.<\/p>\n","protected":false},"excerpt":{"rendered":"Predsednica republike Nata\u0161a Pirc Musar je v pogovoru za TVS in 24ur pojasnila ozadje petkove prometne nesre\u010de v&hellip;\n","protected":false},"author":2,"featured_media":181065,"comment_status":"","ping_status":"","sticky":false,"template":"","format":"standard","meta":{"footnotes":"","_share_on_mastodon":"0"},"categories":[20],"tags":[32,35,1197,502,31,34,36,37,38,33,8375,9118],"class_list":["post-181064","post","type-post","status-publish","format-standard","has-post-thumbnail","category-novice","tag-headlines","tag-najpomembnejse-novice","tag-natasa-pirc-musar","tag-nesreca","tag-news","tag-novice","tag-osrednje-novice","tag-slovene","tag-slovenscina","tag-top-stories","tag-varnostni-pas","tag-voznja"],"share_on_mastodon":{"url":"https:\/\/pubeurope.com\/@si\/117040608973272636","error":""},"_links":{"self":[{"href":"https:\/\/www.europesays.com\/si\/wp-json\/wp\/v2\/posts\/181064","targetHints":{"allow":["GET"]}}],"collection":[{"href":"https:\/\/www.europesays.com\/si\/wp-json\/wp\/v2\/posts"}],"about":[{"href":"https:\/\/www.europesays.com\/si\/wp-json\/wp\/v2\/types\/post"}],"author":[{"embeddable":true,"href":"https:\/\/www.europesays.com\/si\/wp-json\/wp\/v2\/users\/2"}],"replies":[{"embeddable":true,"href":"https:\/\/www.europesays.com\/si\/wp-json\/wp\/v2\/comments?post=181064"}],"version-history":[{"count":0,"href":"https:\/\/www.europesays.com\/si\/wp-json\/wp\/v2\/posts\/181064\/revisions"}],"wp:featuredmedia":[{"embeddable":true,"href":"https:\/\/www.europesays.com\/si\/wp-json\/wp\/v2\/media\/181065"}],"wp:attachment":[{"href":"https:\/\/www.europesays.com\/si\/wp-json\/wp\/v2\/media?parent=181064"}],"wp:term":[{"taxonomy":"category","embeddable":true,"href":"https:\/\/www.europesays.com\/si\/wp-json\/wp\/v2\/categories?post=181064"},{"taxonomy":"post_tag","embeddable":true,"href":"https:\/\/www.europesays.com\/si\/wp-json\/wp\/v2\/tags?post=181064"}],"curies":[{"name":"wp","href":"https:\/\/api.w.org\/{rel}","templated":true}]}}