{"id":182631,"date":"2026-08-06T13:11:10","date_gmt":"2026-08-06T13:11:10","guid":{"rendered":"https:\/\/www.europesays.com\/si\/182631\/"},"modified":"2026-08-06T13:11:10","modified_gmt":"2026-08-06T13:11:10","slug":"velika-sprememba-za-slovenski-tabor-izjemna-priloznost-za-niko-in-domna","status":"publish","type":"post","link":"https:\/\/www.europesays.com\/si\/182631\/","title":{"rendered":"Velika sprememba za slovenski tabor, izjemna prilo\u017enost za Niko in Domna!"},"content":{"rendered":"<p>Gorenje in slovenska skakalna reprezentanca nista uspela dose\u010di dogovora glede napisa na \u010deladah slovenskih skakalcev in skakalk.<\/p>\n<p>Kdor je spremljal prvo postajo poletne velike nagrade smu\u010darskih skakalcev in skakalk, je lahko pri slovenskem taboru opazil veliko spremembo. Na\u0161i tekmovalci namre\u010d prvi\u010d po ve\u010d kot tridesetih letih niso nastopili s \u010deladami, katere bi krasil sponzorski napis\u00a0Gorenje.<\/p>\n<p>Slovenski skakalci so tako v Wisli nastopili s prelepljenimi \u010deladami, medtem ko se je zmagovalka nedeljske tekme\u00a0Nika Vodan\u00a0odlo\u010dila celo nastopiti s svojo olimpijsko \u010delado, na kateri seveda v olimpijskem duhu ni sponzorjev.<\/p>\n<p>To, da se po ve\u010d kot treh desetletjih Gorenje umika kot glavni sponzor, za katerega je rezerviran presti\u017een prostor na \u010deladah tekmovalcev in tekmovalk, bodo po novem lahko najbolj izkoristili ravno na\u0161i skakalci, ki bodo tako lahko na \u010deladah ogla\u0161evali svoje osebne sponzorje.<\/p>\n<p>Vodja panoge pri Smu\u010darski zvezi Slovenije\u00a0Gorazd Pogorel\u010dnik\u00a0je namre\u010d v <a href=\"https:\/\/siol.net\/sportal\/zimski-sporti\/po-vec-kot-30-letih-konec-velike-zgodbe-gorenja-ne-bo-vec-na-celadah-698290\" rel=\"nofollow noopener\" target=\"_blank\">pogovoru za\u00a0Sportal<\/a>\u00a0potrdil, da bodo imeli zdaj skakalci dosti ve\u010d manevrskega prostora in mo\u017enost za dodaten zaslu\u017eek, da pa je po novem ogla\u0161evalski prostor na smu\u010deh tekmovalcev \u0161e pre\u0161el\u00a0v domeno\u00a0panoge.<\/p>\n<p>Prvi mo\u017e slovenskih smu\u010darskih skokov je sicer poudaril, da je bila prvotna \u017eelja nadaljevanje sodelovanje z Gorenjem, ko pa nikakor niso mogli priti do dogovora, so se odlo\u010dili, da na\u0161im tekmovalcem pustijo proste roke pri oblikovanju \u010delad.<\/p>\n<p><img decoding=\"async\" alt=\"Gorazd Pogorel\u010dnik | Avtor: An\u017ee Petkov\u0161ek\" class=\"rwd\" data-href=\"https:\/\/www.zurnal24.si\/media\/img\/2f\/81\/bee5c8502bcb44a7cbc9.jpeg\" itemprop=\"image\" src=\"\/media\/img\/2e\/0a\/a89196cfa59e368ec18c.jpeg\"\/><\/p>\n<p>                An\u017ee Petkov\u0161ek<\/p>\n<p>Potem ko ve\u010d kot trideset let, natan\u010dneje 33, na\u0161i skakalci in skakalke niso imeli mo\u017enosti nositi \u010delad osebnih sponzorjev, se tako velika prilo\u017enost ponuja predvsem na\u0161im najbolj\u0161im skakalcem in skakalkam, ki so zudi najbolj zanimivi sponzorjem.<\/p>\n<p>Glede na to, da je osebni sponzor najbolj\u0161ega skakalca minule sezone\u00a0Domna Prevca\u00a0sloviti Red Bull, je za pri\u010dakovati, da bo ta po novem nastopal s \u010delado, ki mu &#8220;bo dala krila&#8221;.<\/p>\n<p>Seveda pa je to tudi nova izjemna prilo\u017enost za najbolj\u0161o smu\u010darsko skakalko zadnjih let, na\u0161o nepremagljivo orlico\u00a0Niko Prevc,\u00a0ki ji zagotovo ne bo manjkalo ponudb za oglasni prostor z najve\u010djo tr\u017eno vrednostjo.<\/p>\n<p>A bo besedah Pogorel\u010dnika to ni prilo\u017enost zgolj za najve\u010dja slovenska skakalna imena, pa\u010d pa velika prilo\u017enost tudi za vse tekmovalce, ki so v preteklosti zaradi nekoliko slab\u0161ih rezultatov in nastopanja v ni\u017ejerazrednih tekmovanjih te\u017eje pri\u0161li do zaslu\u017eka. Z iskanjem osebnih sponzorjev za najbolj presti\u017een ogla\u0161evalni del skakalca naj bi tako dobili dodatno mo\u017enost za zaslu\u017eek.<\/p>\n<p>Vodja slovenskih skokov je za konec v pogovoru za\u00a0Sportal\u00a0\u0161e zatrdil, da sezona 2026\/27 nikakor ni ogro\u017eena, saj so na zvezi \u017ee zagotovili sredstva za to tekmovalno obdobje in se dogovorili z novim generalnim sponzorjem, katerega ime pa \u0161e ni \u017eelel razkriti. Prav tako je pojasnil, da se Gorenje iz slovenskih smu\u010darskih skokov ne umika v celoti, a da bodo novo vlogo morali \u0161e definirati.<\/p>\n","protected":false},"excerpt":{"rendered":"Gorenje in slovenska skakalna reprezentanca nista uspela dose\u010di dogovora glede napisa na \u010deladah slovenskih skakalcev in skakalk. Kdor&hellip;\n","protected":false},"author":2,"featured_media":182632,"comment_status":"","ping_status":"","sticky":false,"template":"","format":"standard","meta":{"footnotes":"","_share_on_mastodon":"0"},"categories":[20],"tags":[535,10351,19050,32,35,31,534,34,36,37,38,4015,533,33],"class_list":["post-182631","post","type-post","status-publish","format-standard","has-post-thumbnail","category-novice","tag-domen-prevc","tag-gorazd-pogorelcnik","tag-gorenje","tag-headlines","tag-najpomembnejse-novice","tag-news","tag-nika-prevc","tag-novice","tag-osrednje-novice","tag-slovene","tag-slovenscina","tag-smucarska-zveza-slovenije","tag-smucarski-skoki","tag-top-stories"],"share_on_mastodon":{"url":"https:\/\/pubeurope.com\/@si\/117048736889468537","error":""},"_links":{"self":[{"href":"https:\/\/www.europesays.com\/si\/wp-json\/wp\/v2\/posts\/182631","targetHints":{"allow":["GET"]}}],"collection":[{"href":"https:\/\/www.europesays.com\/si\/wp-json\/wp\/v2\/posts"}],"about":[{"href":"https:\/\/www.europesays.com\/si\/wp-json\/wp\/v2\/types\/post"}],"author":[{"embeddable":true,"href":"https:\/\/www.europesays.com\/si\/wp-json\/wp\/v2\/users\/2"}],"replies":[{"embeddable":true,"href":"https:\/\/www.europesays.com\/si\/wp-json\/wp\/v2\/comments?post=182631"}],"version-history":[{"count":0,"href":"https:\/\/www.europesays.com\/si\/wp-json\/wp\/v2\/posts\/182631\/revisions"}],"wp:featuredmedia":[{"embeddable":true,"href":"https:\/\/www.europesays.com\/si\/wp-json\/wp\/v2\/media\/182632"}],"wp:attachment":[{"href":"https:\/\/www.europesays.com\/si\/wp-json\/wp\/v2\/media?parent=182631"}],"wp:term":[{"taxonomy":"category","embeddable":true,"href":"https:\/\/www.europesays.com\/si\/wp-json\/wp\/v2\/categories?post=182631"},{"taxonomy":"post_tag","embeddable":true,"href":"https:\/\/www.europesays.com\/si\/wp-json\/wp\/v2\/tags?post=182631"}],"curies":[{"name":"wp","href":"https:\/\/api.w.org\/{rel}","templated":true}]}}