{"id":182977,"date":"2026-08-06T19:40:11","date_gmt":"2026-08-06T19:40:11","guid":{"rendered":"https:\/\/www.europesays.com\/si\/182977\/"},"modified":"2026-08-06T19:40:11","modified_gmt":"2026-08-06T19:40:11","slug":"iz-rokometnega-kluba-so-sporocili-zalostno-vest-v-25-letu-nas-je-zapustil-aljaz","status":"publish","type":"post","link":"https:\/\/www.europesays.com\/si\/182977\/","title":{"rendered":"Iz rokometnega kluba so sporo\u010dili \u017ealostno vest: V 25. letu nas je zapustil Alja\u017e\u00a0&#8230;"},"content":{"rendered":"<p>Iz MRK Krka so sporo\u010dili \u017ealostno vest, da je v 25. letu starosti umrl njihov nekdanji igralec Alja\u017e Kabur. Barve novome\u0161kega rokometnega kluba je zastopal vse do sezone 2016\/2017.<\/p>\n<p>\u00bbZ globoko \u017ealostjo smo prejeli vest, da nas je mnogo prezgodaj, v 25. letu starosti, zapustil na\u0161 nekdanji igralec Alja\u017e Kabur,\u00ab so zapisali v klubu in dodali, da bo za vedno ostal del rokometne dru\u017eine Krke. Njegovi partnerki, otrokoma, star\u0161em, sorodnikom, prijateljem in vsem, ki so ga imeli radi, so izrekli iskreno in globoko so\u017ealje. Ob slovesu so zapisali tudi besede: \u00bbNi slovo tisto, kar boli, temve\u010d spomin, ki za vedno \u017eivi.\u00ab<\/p>\n<p>Iskreno so\u017ealje tudi iz na\u0161ega uredni\u0161tva\u00a0&#8230;<\/p>\n<p>\u00a0<\/p>\n","protected":false},"excerpt":{"rendered":"Iz MRK Krka so sporo\u010dili \u017ealostno vest, da je v 25. letu starosti umrl njihov nekdanji igralec Alja\u017e&hellip;\n","protected":false},"author":2,"featured_media":182978,"comment_status":"","ping_status":"","sticky":false,"template":"","format":"standard","meta":{"footnotes":"","_share_on_mastodon":"0"},"categories":[20],"tags":[46366,32,1955,35,31,34,36,301,37,38,33,3596],"class_list":["post-182977","post","type-post","status-publish","format-standard","has-post-thumbnail","category-novice","tag-aljaz-kabur","tag-headlines","tag-mrk-krka","tag-najpomembnejse-novice","tag-news","tag-novice","tag-osrednje-novice","tag-rokomet","tag-slovene","tag-slovenscina","tag-top-stories","tag-zalovanje"],"share_on_mastodon":{"url":"https:\/\/pubeurope.com\/@si\/117050266264776110","error":""},"_links":{"self":[{"href":"https:\/\/www.europesays.com\/si\/wp-json\/wp\/v2\/posts\/182977","targetHints":{"allow":["GET"]}}],"collection":[{"href":"https:\/\/www.europesays.com\/si\/wp-json\/wp\/v2\/posts"}],"about":[{"href":"https:\/\/www.europesays.com\/si\/wp-json\/wp\/v2\/types\/post"}],"author":[{"embeddable":true,"href":"https:\/\/www.europesays.com\/si\/wp-json\/wp\/v2\/users\/2"}],"replies":[{"embeddable":true,"href":"https:\/\/www.europesays.com\/si\/wp-json\/wp\/v2\/comments?post=182977"}],"version-history":[{"count":0,"href":"https:\/\/www.europesays.com\/si\/wp-json\/wp\/v2\/posts\/182977\/revisions"}],"wp:featuredmedia":[{"embeddable":true,"href":"https:\/\/www.europesays.com\/si\/wp-json\/wp\/v2\/media\/182978"}],"wp:attachment":[{"href":"https:\/\/www.europesays.com\/si\/wp-json\/wp\/v2\/media?parent=182977"}],"wp:term":[{"taxonomy":"category","embeddable":true,"href":"https:\/\/www.europesays.com\/si\/wp-json\/wp\/v2\/categories?post=182977"},{"taxonomy":"post_tag","embeddable":true,"href":"https:\/\/www.europesays.com\/si\/wp-json\/wp\/v2\/tags?post=182977"}],"curies":[{"name":"wp","href":"https:\/\/api.w.org\/{rel}","templated":true}]}}