{"id":183259,"date":"2026-08-07T03:58:37","date_gmt":"2026-08-07T03:58:37","guid":{"rendered":"https:\/\/www.europesays.com\/si\/183259\/"},"modified":"2026-08-07T03:58:37","modified_gmt":"2026-08-07T03:58:37","slug":"hci-gorana-visnjica-tarca-kritik-v-zavetisce-je-vrnila-psicko-ki-je-prezivela-pravo-grozljivko","status":"publish","type":"post","link":"https:\/\/www.europesays.com\/si\/183259\/","title":{"rendered":"H\u010di Gorana Vi\u0161nji\u0107a tar\u010da kritik: v zaveti\u0161\u010de je vrnila psi\u010dko, ki je pre\u017eivela pravo grozljivko"},"content":{"rendered":"<p>Hrva\u0161ko javnost je Lana Lourdes Rupi\u0107, 19-letna biolo\u0161ka h\u010di igralca Gorana Vi\u0161nji\u0107a navdu\u0161ila, ko je posvojila psi\u010dko Lou, eno od \u017eivali, re\u0161enih s posestva na U\u010dki, kjer so bile \u017eivali po navedbah dru\u0161tev za za\u0161\u010dito \u017eivali in veterinarskih slu\u017eb nastanjene v neprimernih razmerah in zato odvzete.\u00a0A zgodba je dobila nepri\u010dakovan razplet, saj je re\u0161ko dru\u0161tvo za za\u0161\u010dito \u017eivali sporo\u010dilo, da je bila Lou vrnjena v zaveti\u0161\u010de.<\/p>\n<p>Veliko srce za \u017eivali<\/p>\n<p>Lou so sredi maja re\u0161ili z zanemarjenega posestva na U\u010dki. Lana je skupaj z mamo Mirelo Rupi\u0107 takrat pomagala zaveti\u0161\u010du in se odlo\u010dila, da bo psi\u010dki ponudila dom. V ganljivi objavi je na dru\u017ebenih omre\u017ejih opisala trenutek, ko se ji je Lou zvila v naro\u010dju. Takrat je, kot je zapisala, spoznala, da brez nje ne more oditi. Po svojem anga\u017emaju je Lana postala \u00a0za\u0161\u010ditni obraz kampanje \u00bbLjubezni se ne kupuje\u00ab, ki jo je organiziralo re\u0161ko zaveti\u0161\u010de.<\/p>\n<p>Ob zaklju\u010dku kampanje je sporo\u010dila: \u00bbPsi in ma\u010dke niso predmeti, ki jih lahko odlo\u017eimo, ko nam ne ustrezajo ve\u010d ali ko odidemo na dopust. Popolnoma so odvisni od nas in nam brezpogojno zaupajo. Zato pozivam vse, ki razmi\u0161ljajo o hi\u0161nem ljubljen\u010dku, naj obi\u0161\u010dejo zaveti\u0161\u010de. S posvojitvijo re\u0161imo \u017eivljenje posvojenemu psu in tudi tistemu, ki bo lahko zasedel njegovo mesto.\u00ab<\/p>\n<p>Zaveti\u0161\u010de sporo\u010dilo, da se je Lou vrnila<\/p>\n<p>Dru\u0161tvo za za\u0161\u010dito \u017eivali Rijeka pa je nato objavilo, da je Lou znova njihova varovanka. Namesto uspe\u0161ne posvojitve je bila po enem samem telefonskem klicu vrnjena v zaveti\u0161\u010de. V dru\u0161tvu so poudarili, da jih \u0161e posebej boli dejstvo, da gre za mlado psi\u010dko, ki je \u017ee na U\u010dki pre\u017eivela hudo travmo. V objavi na dru\u017ebenih omre\u017ejih\u00a0so med drugim zapisali: \u00bbLou je psi\u010dka, ki prihaja iz grozljivke na U\u010dki. Zaradi tega je ta zgodba \u0161e toliko te\u017eja. \u010ceprav je bila ob odhodu od tam \u0161e mladi\u010dek, nas boli srce, da se mora znova boriti za svoj dom.\u00ab<\/p>\n<p>Objava je spro\u017eila \u0161tevilne komentarje. Mnogi uporabniki Facebooka so kritizirali Lano in jo spomnili na njene prej\u0161nje izjave o odgovornem odnosu do \u017eivali.<\/p>\n<p>Oglasila se je Lanina mama: \u00bbNe poznate resnice.\u00ab<\/p>\n<p>Na kritike se je odzvala tudi Lanina mama Mirela Rupi\u0107, ki je dejala, da javnost ne pozna vseh okoli\u0161\u010din vrnitve psi\u010dke. Pojasnila je, da je bil razlog za vrnitev napad na njihovo ma\u010dko. Po njenih besedah je Lou ma\u010dko zgrabila za vrat in jo za\u010dela du\u0161iti. V dalj\u0161em komentarju pod objavo zaveti\u0161\u010da je zapisala, da sta s h\u010derko psi\u010dki nudili najbolj\u0161e mo\u017ene pogoje, vendar sta se od za\u010detka sre\u010devali s \u0161tevilnimi te\u017eavami, med drugim z njenim zdravstvenim stanjem in prilagajanjem na novo okolje. Dodala je, da ju je zaradi Loujinega vedenja za\u010delo skrbeti za varnost drugih hi\u0161nih ljubljen\u010dkov v domu.<\/p>\n<p>Ob koncu komentarja je zapisala: \u00bbNe sodite drugih, dokler ne poznate resnice. Za to psi\u010dko sva res naredili vse. Nato je sledil popoln \u0161ok, ko sva pred svojimi o\u010dmi gledali, kako je ma\u010dka skoraj izgubila \u017eivljenje, ker jo je ta ista psi\u010dka davila. Tam se je na\u0161e skupno \u017eivljenje z Lou \u017eal kon\u010dalo. Kot sem \u017ee zapisala, dejstvo, da Lou \u017eal ne more \u017eiveti skupaj z ma\u010dkami, ni bilo nikjer omenjeno, kar se mi zdi popolnoma neprimerno in nehumano.\u00ab<\/p>\n<p><img decoding=\"async\" class=\"article__img-tag-visible\" src=\"https:\/\/www.europesays.com\/si\/wp-content\/uploads\/2026\/08\/3695662.width-660.format-webp.webp\" alt=\"FOTO: posnetek zaslona Facebook\" img_id=\"11726441\" data-img-id=\"11726441\"\/><\/p>\n<p>FOTO: posnetek zaslona Facebook<\/p>\n<p>Kljub njenemu pojasnilu so \u0161tevilni sledilci zaveti\u0161\u010da izrazili dvom o teh navedbah. Spomnili so, da so bili na dru\u017ebenih omre\u017ejih pred tem objavljeni videoposnetki, na katerih sta se Lou in ma\u010dka brez te\u017eav dru\u017eili. Ena od komentatork je zapisala, da posvojitev \u017eivali pomeni tudi sprejemanje morebitnih te\u017eav: \u00bbNih\u010de vas ni prisilil, da jo posvojite. Ko posvojite \u017eival, morate sprejeti tudi izzive. Najamete pasjega trenerja ali poi\u0161\u010dete drugo re\u0161itev.\u00ab A o\u010ditno ima zgodba za psi\u010dko sre\u010den konec: kot je uradno sporo\u010dilo dru\u0161tvo Prijatelji \u017eivali, bosta skrb zanjo prevzela Goran in njegova \u017eena Eva Vi\u0161nji\u0107, ki sta znana po dolgoletni ljubezni do \u017eivali in predanosti njihovemu varstvu,\u00a0pi\u0161e T-portal.<\/p>\n<p>\u00bbGloboko smo razo\u010darani nad odlo\u010ditvijo Lane Lourdes Rupi\u0107, da psa vrne v zaveti\u0161\u010de. Tak\u0161no dejanje nima opravi\u010dila. Tudi ko se res pojavi popolna nemogo\u010da oskrba psa ali ma\u010dke, naj si rejnik sam poi\u0161\u010de nov dokazano dober dom za \u017eivali. Posvojiti \u017eival pomeni prevzeti odgovornost zanjo do konca njenega \u017eivljenja. Zahvaljujemo se Goranu in Evi Visnji\u0107, ki bosta posvojila psi\u010dko Lou, da ne bo ostala v zaveti\u0161\u010du. Potreba po posvojitvi \u017eivali na Hrva\u0161kem je velika, pozivi k ne-kupovanju \u017eivali pa so izredno pomembni. A enako pomembna je odgovorna oskrba, ki popolnoma in brez izjeme izklju\u010duje zapu\u0161\u010danje \u017eivali,\u00ab so zapisali na Facebook profilu.<\/p>\n","protected":false},"excerpt":{"rendered":"Hrva\u0161ko javnost je Lana Lourdes Rupi\u0107, 19-letna biolo\u0161ka h\u010di igralca Gorana Vi\u0161nji\u0107a navdu\u0161ila, ko je posvojila psi\u010dko Lou,&hellip;\n","protected":false},"author":2,"featured_media":183260,"comment_status":"","ping_status":"","sticky":false,"template":"","format":"standard","meta":{"footnotes":"","_share_on_mastodon":"0"},"categories":[8],"tags":[46408,46409,5036,37,38,64,63,16604,3794],"class_list":["post-183259","post","type-post","status-publish","format-standard","has-post-thumbnail","category-svet","tag-goran-visnjic","tag-lana-lourdes-rupic","tag-posvojitev","tag-slovene","tag-slovenscina","tag-svet","tag-world","tag-zavetisce","tag-zivali"],"share_on_mastodon":{"url":"https:\/\/pubeurope.com\/@si\/117052224726259617","error":""},"_links":{"self":[{"href":"https:\/\/www.europesays.com\/si\/wp-json\/wp\/v2\/posts\/183259","targetHints":{"allow":["GET"]}}],"collection":[{"href":"https:\/\/www.europesays.com\/si\/wp-json\/wp\/v2\/posts"}],"about":[{"href":"https:\/\/www.europesays.com\/si\/wp-json\/wp\/v2\/types\/post"}],"author":[{"embeddable":true,"href":"https:\/\/www.europesays.com\/si\/wp-json\/wp\/v2\/users\/2"}],"replies":[{"embeddable":true,"href":"https:\/\/www.europesays.com\/si\/wp-json\/wp\/v2\/comments?post=183259"}],"version-history":[{"count":0,"href":"https:\/\/www.europesays.com\/si\/wp-json\/wp\/v2\/posts\/183259\/revisions"}],"wp:featuredmedia":[{"embeddable":true,"href":"https:\/\/www.europesays.com\/si\/wp-json\/wp\/v2\/media\/183260"}],"wp:attachment":[{"href":"https:\/\/www.europesays.com\/si\/wp-json\/wp\/v2\/media?parent=183259"}],"wp:term":[{"taxonomy":"category","embeddable":true,"href":"https:\/\/www.europesays.com\/si\/wp-json\/wp\/v2\/categories?post=183259"},{"taxonomy":"post_tag","embeddable":true,"href":"https:\/\/www.europesays.com\/si\/wp-json\/wp\/v2\/tags?post=183259"}],"curies":[{"name":"wp","href":"https:\/\/api.w.org\/{rel}","templated":true}]}}